{"id":8102,"date":"2026-01-14T19:31:55","date_gmt":"2026-01-14T18:31:55","guid":{"rendered":"https:\/\/asvpnf.com\/?p=8102"},"modified":"2026-01-20T17:44:39","modified_gmt":"2026-01-20T16:44:39","slug":"pour-une-refondation-republicaine-de-lecole-publique-a-lhorizon-2027","status":"publish","type":"post","link":"https:\/\/asvpnf.com\/index.php\/2026\/01\/14\/pour-une-refondation-republicaine-de-lecole-publique-a-lhorizon-2027\/","title":{"rendered":"Pour une refondation r\u00e9publicaine de l\u2019\u00c9cole publique \u00e0 l\u2019horizon 2027"},"content":{"rendered":"<p class=\"x_ydp1e8cff60yiv1348148056ydpa9bbc304yiv5060953333ydp6352d27ayiv3882511322ydp6f69c152my-2\"><span style=\"font-family: arial, helvetica, sans-serif;font-size: 14pt\"><b>En ce d\u00e9but 2026, la R\u00e9publique fait face \u00e0 des risques majeurs qui menacent ses institutions la\u00efques et son pacte social. Parmi eux, la crise de l\u2019\u00c9cole publique constitue un p\u00e9ril fondamental : d\u00e9gradation des savoirs fondamentaux, creusement des in\u00e9galit\u00e9s territoriales et sociales, perte de confiance dans l\u2019institution charg\u00e9e de transmettre l\u2019\u00e9mancipation par le savoir. Les r\u00e9formettes politicardes successives, souvent opportunistes, ont \u00e9rod\u00e9 la l\u00e9gitimit\u00e9 du service public de l\u2019\u00e9ducation sans restaurer sa force r\u00e9publicaine.<\/b><\/span><\/p>\n<p class=\"x_ydp1e8cff60yiv1348148056ydpa9bbc304yiv5060953333ydp6352d27ayiv3882511322ydp6f69c152my-2\"><span style=\"font-family: arial, helvetica, sans-serif;font-size: 14pt\"><b>La <strong>Charte \u00c9COLE 2027<\/strong>, proposition concr\u00e8te et op\u00e9rationnelle, trace d\u00e9j\u00e0 un cap clair : ma\u00eetrise des fondamentaux pour tous au plus tard fin coll\u00e8ge, \u00e9quit\u00e9 territoriale renforc\u00e9e, formation exigeante des ma\u00eetres via les ENPE, \u00e9ducation transversale au num\u00e9rique, \u00e0 l\u2019environnement et aux cultures r\u00e9gionales dans le respect de l\u2019unit\u00e9 nationale. Ce socle programmatique doit devenir le point de d\u00e9part d\u2019une refondation ambitieuse de l\u2019\u00c9cole publique au cours du prochain quinquennat, ouvert en 2027 par l\u2019\u00e9lection pr\u00e9sidentielle.<\/b><\/span><\/p>\n<p class=\"x_ydp1e8cff60yiv1348148056ydpa9bbc304yiv5060953333ydp6352d27ayiv3882511322ydp6f69c152my-2\"><span style=\"font-family: arial, helvetica, sans-serif;font-size: 14pt\"><strong>Les enjeux sont imp\u00e9rieux et strictement r\u00e9publicains :<\/strong><b><\/b><\/span><\/p>\n<p class=\"x_ydp1e8cff60yiv1348148056ydpa9bbc304yiv5060953333ydp6352d27ayiv3882511322ydp6f69c152my-2\"><span style=\"font-family: arial, helvetica, sans-serif;font-size: 14pt\">\u00b7 <strong>Restaurer l\u2019autorit\u00e9 du savoir<\/strong><b> contre la p\u00e9dagogie permissive et les d\u00e9rives communautaristes, en pla\u00e7ant l\u2019exigence acad\u00e9mique au c\u0153ur de la mission.<\/b><\/span><\/p>\n<p class=\"x_ydp1e8cff60yiv1348148056ydpa9bbc304yiv5060953333ydp6352d27ayiv3882511322ydp6f69c152my-2\"><span style=\"font-family: arial, helvetica, sans-serif;font-size: 14pt\">\u00b7 <strong>Garantir l\u2019\u00e9galit\u00e9 r\u00e9elle<\/strong><b> par un effort massif en \u00e9ducation prioritaire et une sanctuarisation budg\u00e9taire de l\u2019\u00c9cole publique.<\/b><\/span><\/p>\n<p class=\"x_ydp1e8cff60yiv1348148056ydpa9bbc304yiv5060953333ydp6352d27ayiv3882511322ydp6f69c152my-2\"><span style=\"font-family: arial, helvetica, sans-serif;font-size: 14pt\">\u00b7 <strong>R\u00e9gler le conflit Public\/Priv\u00e9<\/strong><b> par l\u2019abrogation de la loi Debr\u00e9 de 1959, dont le financement indirect par les deniers publics fragilise le service public la\u00efque et gaspille les fonds des contribuables au profit d\u2019\u00e9tablissements confessionnels.<\/b><\/span><\/p>\n<p class=\"x_ydp1e8cff60yiv1348148056ydpa9bbc304yiv5060953333ydp6352d27ayiv3882511322ydp6f69c152my-2\"><span style=\"font-family: arial, helvetica, sans-serif;font-size: 14pt\">\u00b7 <strong>Pr\u00e9parer la Nation aux d\u00e9fis du XXI\u1d49 si\u00e8cle<\/strong><b> : ma\u00eetrise \u00e9thique du num\u00e9rique, transition \u00e9cologique, formation de citoyens \u00e9clair\u00e9s par la raison critique.<\/b><\/span><\/p>\n<div><span style=\"font-family: arial, helvetica, sans-serif;font-size: 14pt\"><b>Cette feuille de route, \u00e0 soumettre aux candidats de progr\u00e8s, appelle un choix politique clair : faire de l\u2019\u00c9cole publique le fer de lance d\u2019une R\u00e9publique refond\u00e9e, souveraine et unie. L\u2019enjeu est existentiel : sans \u00c9cole forte, pas de R\u00e9publique possible. 2027 doit marquer le retour d\u2019une ambition nationale pour l\u2019instruction publique, pilier la\u00efque de notre d\u00e9mocratie.<\/b><\/span><\/div>\n<div><span style=\"font-family: arial, helvetica, sans-serif;font-size: 14pt\"><b>\u00a0<\/b><\/span><\/div>\n<div dir=\"ltr\"><span style=\"font-family: arial, helvetica, sans-serif;font-size: 14pt\">Pour y parvenir les visiteurs de ce site pourront consulter quatre fichiers accessibles au moyen d&rsquo;un simple clic gauche :<\/span><\/div>\n<div dir=\"ltr\"><span style=\"font-family: arial, helvetica, sans-serif;font-size: 14pt\"><b>\u00a0<\/b><\/span><\/div>\n<div dir=\"ltr\"><span style=\"font-family: arial, helvetica, sans-serif;font-size: 14pt\"><b><span style=\"font-size: 18pt\"><a href=\"http:\/\/asvpnf.com\/wp-content\/uploads\/2026\/01\/fichier-1-Refonder-lecole-publique-version-DEf-Defdu-14-janvier-2026.pdf\" target=\"_blank\" rel=\"noopener\">Fichier 1 <\/a><\/span>.\u00a0 Manifeste de l&rsquo;ASVPNF pour Refonder l\u2019\u00c9cole Publique\u00a0 avec r\u00e9sum\u00e9.<\/b><\/span><\/div>\n<div dir=\"ltr\"><span style=\"font-family: arial, helvetica, sans-serif;font-size: 14pt\"><b>\u00a0<\/b><\/span><\/div>\n<div dir=\"ltr\"><\/div>\n<div dir=\"ltr\"><span style=\"font-family: arial, helvetica, sans-serif;font-size: 14pt\"><b><span style=\"font-size: 18pt\"><a href=\"http:\/\/asvpnf.com\/wp-content\/uploads\/2026\/01\/Charte-ECOLE-2027-version-finale.pdf\" target=\"_blank\" rel=\"noopener\">Fichier 2<\/a><\/span>.\u00a0 Charte \u00c9COLE 2027 avec r\u00e9sum\u00e9 et abstract.<\/b><\/span><\/div>\n<div dir=\"ltr\"><span style=\"font-family: arial, helvetica, sans-serif;font-size: 14pt\"><b>\u00a0<\/b><\/span><\/div>\n<div dir=\"ltr\"><span style=\"font-family: arial, helvetica, sans-serif;font-size: 14pt\"><b><span style=\"font-size: 18pt\"><a href=\"http:\/\/asvpnf.com\/wp-content\/uploads\/2026\/01\/Fichier-3-Phasage-cadrage-quasi-def-du-14-janvier-2026.pdf\" target=\"_blank\" rel=\"noopener\">Fichier 3 <\/a><\/span>.\u00a0 Phasage-Cadrage\u00a0 de la refondation.<\/b><\/span><\/div>\n<div dir=\"ltr\"><span style=\"font-family: arial, helvetica, sans-serif;font-size: 14pt\"><b>\u00a0<\/b><\/span><\/div>\n<div dir=\"ltr\"><span style=\"font-family: arial, helvetica, sans-serif;font-size: 14pt\"><b><span style=\"font-size: 18pt\"><a href=\"http:\/\/asvpnf.com\/wp-content\/uploads\/2026\/01\/Fichier-4-DEF-1-janvier-2026.pdf\" target=\"_blank\" rel=\"noopener\">Fichier 4<\/a> <\/span>.\u00a0 Avant-projet de Loi de refondation.<\/b><\/span><\/div>\n<div><span style=\"font-family: arial, helvetica, sans-serif;font-size: 14pt\"><b>\u00a0<\/b><\/span><\/div>\n<div><span style=\"font-family: arial, helvetica, sans-serif;font-size: 14pt\"><i>L&rsquo;auteur\u00a0 de ces\u00a0 articles, adh\u00e9rent de\u00a0 l&rsquo;ASVPNF, a souhait\u00e9 garder l&rsquo;anonymat. Qu&rsquo;il soit remerci\u00e9 pour sa contribution<\/i>.<\/span><\/div>\n","protected":false},"excerpt":{"rendered":"<p>En ce d\u00e9but 2026, la R\u00e9publique fait face \u00e0 des risques majeurs qui menacent ses institutions la\u00efques et son pacte social. Parmi eux, la crise de l\u2019\u00c9cole publique constitue un p\u00e9ril fondamental : d\u00e9gradation des savoirs fondamentaux, creusement des in\u00e9galit\u00e9s <a class=\"more-link\" href=\"https:\/\/asvpnf.com\/index.php\/2026\/01\/14\/pour-une-refondation-republicaine-de-lecole-publique-a-lhorizon-2027\/\">En lire plus &#8230;<\/a><\/p>\n","protected":false},"author":9,"featured_media":0,"comment_status":"closed","ping_status":"closed","sticky":false,"template":"","format":"standard","meta":{"spay_email":""},"categories":[10],"tags":[45],"jetpack_featured_media_url":"","_links":{"self":[{"href":"https:\/\/asvpnf.com\/index.php\/wp-json\/wp\/v2\/posts\/8102"}],"collection":[{"href":"https:\/\/asvpnf.com\/index.php\/wp-json\/wp\/v2\/posts"}],"about":[{"href":"https:\/\/asvpnf.com\/index.php\/wp-json\/wp\/v2\/types\/post"}],"author":[{"embeddable":true,"href":"https:\/\/asvpnf.com\/index.php\/wp-json\/wp\/v2\/users\/9"}],"replies":[{"embeddable":true,"href":"https:\/\/asvpnf.com\/index.php\/wp-json\/wp\/v2\/comments?post=8102"}],"version-history":[{"count":5,"href":"https:\/\/asvpnf.com\/index.php\/wp-json\/wp\/v2\/posts\/8102\/revisions"}],"predecessor-version":[{"id":8113,"href":"https:\/\/asvpnf.com\/index.php\/wp-json\/wp\/v2\/posts\/8102\/revisions\/8113"}],"wp:attachment":[{"href":"https:\/\/asvpnf.com\/index.php\/wp-json\/wp\/v2\/media?parent=8102"}],"wp:term":[{"taxonomy":"category","embeddable":true,"href":"https:\/\/asvpnf.com\/index.php\/wp-json\/wp\/v2\/categories?post=8102"},{"taxonomy":"post_tag","embeddable":true,"href":"https:\/\/asvpnf.com\/index.php\/wp-json\/wp\/v2\/tags?post=8102"}],"curies":[{"name":"wp","href":"https:\/\/api.w.org\/{rel}","templated":true}]}}