{"id":8221,"date":"2026-04-26T16:55:48","date_gmt":"2026-04-26T15:55:48","guid":{"rendered":"https:\/\/asvpnf.com\/?p=8221"},"modified":"2026-04-26T16:55:48","modified_gmt":"2026-04-26T15:55:48","slug":"quand-le-president-de-la-republique-francaise","status":"publish","type":"post","link":"https:\/\/asvpnf.com\/index.php\/2026\/04\/26\/quand-le-president-de-la-republique-francaise\/","title":{"rendered":"Quand le Pr\u00e9sident de la R\u00e9publique francaise,"},"content":{"rendered":"<p class=\"x_ydp9a360293MsoNormal\" align=\"center\"><span style=\"font-family: arial, helvetica, sans-serif;font-size: 18pt\"><b>chanoine de Latran, est re\u00e7u par le pape L\u00e9on XIV<\/b><\/span><\/p>\n<p class=\"x_ydp9a360293MsoNormal\" align=\"center\"><span style=\"font-family: arial, helvetica, sans-serif;font-size: 14pt\"><b>\u00a0<\/b><\/span><\/p>\n<p class=\"x_ydp9a360293MsoNormal\"><span style=\"font-family: arial, helvetica, sans-serif;font-size: 14pt\">Dans la presse bien inform\u00e9e du 10 avril 2026, on apprenait subrepticement que le Pr\u00e9sident de la R\u00e9publique fran\u00e7aise \u00e9tait re\u00e7u au Vatican, pour la premi\u00e8re fois, par le pape \u00ab\u00a0am\u00e9ricain\u00a0\u00bb L\u00e9on XIV. On s\u2019y plaisait \u00e0 souligner que le symbole d\u2019une rencontre entre le pr\u00e9sident d\u2019un \u00e9tat la\u00efque et le chef de l\u2019Eglise catholique est ce ceux qui comptent (pour qui et pourquoi\u00a0? ndlr). \u00a0En effet,depuis 1905, sous les auspices cl\u00e9ments de la r\u00e9publique on ne reconna\u00eet, ne salarie ni ne subventionne aucun culte. On d\u00e9couvrait aussi que notre pr\u00e9sident s\u2019\u00e9tait fait accompagner d\u2019une vingtaine de personnalit\u00e9s du \u00ab\u00a0<i>monde catholique\u00a0<\/i>\u00bb parmi l\u2019esquelles on trouve\u00a0\u00a0 Jean-Marc Sauv\u00e9e, ancien vice-pr\u00e9sident du Conseil d\u2019Etat\u00a0 et auteur du rapport de la Ciase \u00a0(2021), S\u0153ur Albertine Debacker, influenceuse catholique (sic\u00a0! ndlr)\u00a0 et Guillaume Pr\u00e9vost secr\u00e9taire g\u00e9n\u00e9ral de l\u2019enseignemnt catholique\u2026\u00a0 O\u00f9 se trouvait donc le Ministre des cultes\u00a0? Le vatican \u00e9tait-il donc \u00a0le lieu pertinent \u00a0pour traiter des affaires \u00a0bien fran\u00e7aises dont ces personnages sont porteurs\u00a0?<\/span><\/p>\n<h1><span style=\"font-family: arial, helvetica, sans-serif;font-size: 14pt\">On sait en plus que les deux chefs d\u2019Etat ont\u00a0\u00e9chang\u00e9 des cadeaux\u00a0; c\u2019est une tradition honor\u00e9e gr\u00e2ce aux deniers vers\u00e9s \u00e0 la R\u00e9publique par les contribuables . C\u2019est ainsi que L\u00e9on\u00a0 s\u2019est vu gratifier, selon <i>Vatican news<\/i> , \u00a0\u00ab\u00a0<i>du \u00a0\u00a0maillot de l\u2019\u00e9quipe de France de basketball d\u00e9dicac\u00e9 par les joueurs, du fac-simil\u00e9 de la carte du p\u00e8re Jacques Marquette, missionnaire fran\u00e7ais du XVIIe si\u00e8cle en Am\u00e9rique du Nord, un recueil de textes r\u00e9dig\u00e9s par l&rsquo;\u00e9crivain catholique Georges Bernanos pendant la Seconde Guerre mondiale, ainsi que l\u2019ouvrage de Mathieu Lours \u00ab\u00a0\u00a0Reb\u00e2tir Notre-Dame de Paris\u00a0\u00bb publi\u00e9 apr\u00e8s la r\u00e9ouverture de la cath\u00e9drale.\u00a0<\/i>\u00bb. \u00a0\u00a0On rappellera \u00e0 cet \u00e9gard le propos de<i> Bernanos<\/i> \u00a0selon lequel\u00a0 \u00ab\u00a0la masse des catholiques que nous voyons \u00e0 la messe chaque dimanche ne d\u00e9sire, au fond, savoir de la religion que ce qui peut les confirmer dans la bonne opinion qu&rsquo;ils ont d&rsquo;eux-m\u00eames.\u00a0\u00bb, ce qui peut inciter \u00e0 la r\u00e9flexion.<\/span><\/h1>\n<p class=\"x_ydp9a360293MsoNormal\"><span style=\"font-family: arial, helvetica, sans-serif;font-size: 14pt\">Pour contextualiser l\u2019\u00e9v\u00e8nement on rappellera que le Pr\u00e9sident de la R\u00e9publique fran\u00e7aise est chanoine r\u00e9gulier de Latran et qu\u2019\u00e0 ce titre, il a toute libert\u00e9 de participer, \u00e0 titre personnel, aux activit\u00e9s cultuelles \u00a0de la Congr\u00e9gation du Tr\u00e8s-Saint-Sauveur du Latran, un\u00a0<span lang=\"EN-US\"><a title=\"https:\/\/fr.wikipedia.org\/wiki\/Ordre_r%C3%A9gulier\" href=\"https:\/\/fr.wikipedia.org\/wiki\/Ordre_r%C3%A9gulier\" target=\"_blank\" rel=\"nofollow noopener noreferrer\" data-auth=\"NotApplicable\" data-linkindex=\"0\"><span lang=\"FR\">ordre r\u00e9gulier<\/span><\/a><\/span>\u00a0<span lang=\"EN-US\"><a title=\"https:\/\/fr.wikipedia.org\/wiki\/%C3%89glise_catholique\" href=\"https:\/\/fr.wikipedia.org\/wiki\/%C3%89glise_catholique\" target=\"_blank\" rel=\"nofollow noopener noreferrer\" data-auth=\"NotApplicable\" data-linkindex=\"1\"><span lang=\"FR\">catholique<\/span><\/a><\/span>\u00a0de\u00a0<span lang=\"EN-US\"><a title=\"https:\/\/fr.wikipedia.org\/wiki\/Institut_religieux_de_droit_pontifical\" href=\"https:\/\/fr.wikipedia.org\/wiki\/Institut_religieux_de_droit_pontifical\" target=\"_blank\" rel=\"nofollow noopener noreferrer\" data-auth=\"NotApplicable\" data-linkindex=\"2\"><span lang=\"FR\">droit pontifical<\/span><\/a><\/span>. On ne pol\u00e9miquera pas davantage sur la signification que pourrait rev\u00eatir la pr\u00e9sence du Pr\u00e9sident de la R\u00e9publique-accompagn\u00e9 de la premi\u00e8re dame et \u00a0\u00a0de ladite d\u00e9l\u00e9gation dans ces lieux particuliers. \u00a0On se contentera d\u2019un communiqu\u00e9 \u00a0suscit\u00e9 par la pr\u00e9sence d\u2019un logo tr\u00e8s particulier \u2013celui de la MAIF (pour Mutuelle Accident des Instituteurs de France) \u00a0appos\u00e9 sur le maillot de basketteur remis\u00a0 \u00e0 L\u00e9on XIV\u00a0 (voir les photos de presse). Ceci \u00a0pourrait \u00eatre per\u00e7u comme une provocation inopportune pour les esprits\u00a0 rebelles, parfois rev\u00eaches de certains adh\u00e9rents de la MAIF, mutuelle dont l\u2019acronyme contient un\u00a0 I \u00a0\u00a0t\u00e9moignant de la m\u00e9moire des Instituteurs la\u00efques qui l\u2019ont cr\u00e9\u00e9e dans l\u2019entre\u2013deux guerres.<\/span><\/p>\n<p class=\"x_ydp9a360293MsoNormal\"><span style=\"font-family: arial, helvetica, sans-serif;font-size: 14pt\">On a pris l\u2019initiative, sur ce site d\u00e9di\u00e9 \u00e0 l\u2019Ecole publique et \u00e0 ses ma\u00eetres au premier rang desquels se trouvent les Instituteurs de d\u00e9noncer cette promotion vaticanesque pour le moins inattendue \u00a0et d\u2019\u00e9lever une protestation solennelle sur\u00a0 les nouveaux accommodements inacceptables apport\u00e9s \u00e0 la la\u00efcit\u00e9 r\u00e9publicaine\u00a0\u00a0 au niveau de la pr\u00e9sidence \u00a0de la R\u00e9publique .\u00a0<\/span><\/p>\n<p class=\"x_ydp9a360293MsoNormal\"><span style=\"font-family: arial, helvetica, sans-serif;font-size: 14pt\">C\u2019est en ce sens que les visiteurs de ce site pourront prendre connaissance ci-dessous des termes du communiqu\u00e9 de l\u2019ASVPNF\u00a0:<\/span><\/p>\n<p class=\"x_ydp9a360293MsoNormal\"><span style=\"font-family: arial, helvetica, sans-serif;font-size: 14pt\">\u00a0<b><i>1.R\u00e9sum\u00e9\u00a0: <\/i><\/b><\/span><\/p>\n<p class=\"x_ydp9a360293MsoNormal\"><span style=\"font-family: arial, helvetica, sans-serif;font-size: 14pt\"><i>\u00a0\u00a0 \u00a0\u00a0\u00a0\u00a0\u00a0La remise d\u2019un maillot MAIF au pape L\u00e9on XIV, lors de la visite du Pr\u00e9sident de la R\u00e9publique au Vatican, appara\u00eet comme une entorse regrettable \u00e0 la la\u00efcit\u00e9 et \u00e0 la neutralit\u00e9 de l\u2019\u00c9tat.<br \/>\nAlors que la d\u00e9l\u00e9gation r\u00e9unissait une vingtaine de personnalit\u00e9s du monde catholique, on y note l\u2019absence du ministre de l\u2019Int\u00e9rieur et des Cultes et la quasi\u2011invisibilit\u00e9 de l\u2019\u00c9cole publique. Le \u00ab I \u00bb de MAIF, symbole des Instituteurs la\u00efques, ne devrait pas servir de lien d\u00e9coratif entre la pr\u00e9sidence de la R\u00e9publique et la hi\u00e9rarchie romaine.<br \/>\n\u00c0 l\u2019heure o\u00f9 l\u2019on pr\u00e9pare d\u00e9j\u00e0 une visite papale avant la fin de l\u2019ann\u00e9e pour \u00e9viter l\u2019\u00e9lection de 2027, l\u2019ASVPNF rappelle que la r\u00e9publique scolaire n\u2019est pas un terrain annex\u00e9 \u00e0 la diplomatie vaticane\u00a0\u00a0<b>\u00bb.<\/b> <\/i><\/span><\/p>\n<p class=\"x_ydp9a360293MsoNormal\"><span style=\"font-family: arial, helvetica, sans-serif;font-size: 14pt\"><b><i>2. Communiqu\u00e9 de <\/i><\/b><b>l\u2019<i>ASVPNF <\/i><\/b>(12 avril 2026)<b><i>\u00a0. <\/i><\/b>Il est accessible\u00a0<b><span style=\"font-size: 18pt\"><a href=\"http:\/\/asvpnf.com\/wp-content\/uploads\/2026\/04\/Communique-de-l.pdf\" target=\"_blank\" rel=\"noopener\">en cliquant ici<\/a><\/span>.<\/b><\/span><\/p>\n","protected":false},"excerpt":{"rendered":"<p>chanoine de Latran, est re\u00e7u par le pape L\u00e9on XIV \u00a0 Dans la presse bien inform\u00e9e du 10 avril 2026, on apprenait subrepticement que le Pr\u00e9sident de la R\u00e9publique fran\u00e7aise \u00e9tait re\u00e7u au Vatican, pour la premi\u00e8re fois, par le <a class=\"more-link\" href=\"https:\/\/asvpnf.com\/index.php\/2026\/04\/26\/quand-le-president-de-la-republique-francaise\/\">En lire plus &#8230;<\/a><\/p>\n","protected":false},"author":9,"featured_media":0,"comment_status":"closed","ping_status":"closed","sticky":false,"template":"","format":"standard","meta":{"spay_email":""},"categories":[11],"tags":[],"jetpack_featured_media_url":"","_links":{"self":[{"href":"https:\/\/asvpnf.com\/index.php\/wp-json\/wp\/v2\/posts\/8221"}],"collection":[{"href":"https:\/\/asvpnf.com\/index.php\/wp-json\/wp\/v2\/posts"}],"about":[{"href":"https:\/\/asvpnf.com\/index.php\/wp-json\/wp\/v2\/types\/post"}],"author":[{"embeddable":true,"href":"https:\/\/asvpnf.com\/index.php\/wp-json\/wp\/v2\/users\/9"}],"replies":[{"embeddable":true,"href":"https:\/\/asvpnf.com\/index.php\/wp-json\/wp\/v2\/comments?post=8221"}],"version-history":[{"count":1,"href":"https:\/\/asvpnf.com\/index.php\/wp-json\/wp\/v2\/posts\/8221\/revisions"}],"predecessor-version":[{"id":8223,"href":"https:\/\/asvpnf.com\/index.php\/wp-json\/wp\/v2\/posts\/8221\/revisions\/8223"}],"wp:attachment":[{"href":"https:\/\/asvpnf.com\/index.php\/wp-json\/wp\/v2\/media?parent=8221"}],"wp:term":[{"taxonomy":"category","embeddable":true,"href":"https:\/\/asvpnf.com\/index.php\/wp-json\/wp\/v2\/categories?post=8221"},{"taxonomy":"post_tag","embeddable":true,"href":"https:\/\/asvpnf.com\/index.php\/wp-json\/wp\/v2\/tags?post=8221"}],"curies":[{"name":"wp","href":"https:\/\/api.w.org\/{rel}","templated":true}]}}