{"id":8224,"date":"2026-04-26T17:01:57","date_gmt":"2026-04-26T16:01:57","guid":{"rendered":"https:\/\/asvpnf.com\/?p=8224"},"modified":"2026-04-26T17:01:57","modified_gmt":"2026-04-26T16:01:57","slug":"accommodements-preelectoraux-de-circonstance-a-la-definition-de-la-laicite-sous-les-auspices-de-la-republique-francaise","status":"publish","type":"post","link":"https:\/\/asvpnf.com\/index.php\/2026\/04\/26\/accommodements-preelectoraux-de-circonstance-a-la-definition-de-la-laicite-sous-les-auspices-de-la-republique-francaise\/","title":{"rendered":"Accommodements pr\u00e9\u00e9lectoraux de circonstance \u00e0 la d\u00e9finition de la La\u00efcit\u00e9 sous les auspices de la R\u00e9publique fran\u00e7aise."},"content":{"rendered":"<p class=\"x_ydp7bf0ac04yiv3373127348ydp45291821MsoNormal\"><span style=\"font-family: arial, helvetica, sans-serif;font-size: 14pt\" data-olk-copy-source=\"MessageBody\">A l\u2019instar de la sid\u00e9ration exprim\u00e9e par Catherine Kintzler, philosophe \u00a0et membre du Conseil \u00a0des sages de la la\u00efcit\u00e9 dans l\u2019article intitul\u00e9\u00a0;<\/span><\/p>\n<p class=\"x_ydp7bf0ac04yiv3373127348ydp45291821MsoNoSpacing\" align=\"center\"><span style=\"font-family: arial, helvetica, sans-serif;font-size: 14pt\"><b><i>\u00ab\u00a0Le ministre de l\u2019Int\u00e9rieur red\u00e9finit la la\u00efcit\u00e9. Serait-il en mission\u00a0?<\/i><\/b><\/span><\/p>\n<p class=\"x_ydp7bf0ac04yiv3373127348ydp45291821MsoNoSpacing\"><span style=\"font-family: arial, helvetica, sans-serif;font-size: 14pt\">et consid\u00e9rant l\u2019objet de l\u2019ASVPNF porteuse des activit\u00e9s de ce site d\u00e9di\u00e9 \u00e0 la sauvegarde et \u00e0 la valorisation de \u00a0la m\u00e9moire de l\u2019Ecole publique la\u00efque et de \u00a0celle de ses ma\u00eetres, hussards noirs de la R\u00e9publique, nous\u00a0 souhaitons t\u00e9moigner ici de notre stup\u00e9faction\u00a0 et de notre tristesse de voir\u00a0 le principe fondamental de notre R\u00e9publique vilipend\u00e9 \u00a0par ignorance ou par une volont\u00e9 d\u00e9lib\u00e9r\u00e9e associ\u00e9e \u00e0 des exigences politiques que nous ne partageons pas\u00a0!<\/span><\/p>\n<p class=\"x_ydp7bf0ac04yiv3373127348ydp45291821MsoNoSpacing\"><span style=\"font-family: arial, helvetica, sans-serif;font-size: 14pt\">\u00a0Alors qu\u2019un an \u00e0 peine s\u00e9pare le pays de la prochaine \u00e9lection pr\u00e9sidentielle, certains gestes minist\u00e9riels prennent un tour de v\u00e9ritable\u00a0mise en sc\u00e8ne pr\u00e9\u00e9lectorale de la la\u00efcit\u00e9. Le discours du ministre de l\u2019Int\u00e9rieur \u00e0 la Grande mosqu\u00e9e de Paris ne rel\u00e8ve pas seulement de la \u00ab maladresse \u00bb, mais d\u2019un\u00a0r\u00e9ajustement calcul\u00e9\u00a0de la neutralit\u00e9 r\u00e9publicaine au profit de logiques communautaires et diplomatiques.<\/span><\/p>\n<p class=\"x_ydp7bf0ac04yiv3373127348ydp45291821MsoNormal\"><span lang=\"EN-US\" style=\"font-family: arial, helvetica, sans-serif;font-size: 14pt\">L\u2019article de\u00a0<b><i>Catherine Kintzler<\/i><\/b>\u00a0met ce discours en lumi\u00e8re, en montrant comment la la\u00efcit\u00e9 est r\u00e9duite \u00e0 la \u00ab garantie de croire et d\u2019exercer un culte \u00bb, au d\u00e9triment de la libert\u00e9 de conscience et de l\u2019ind\u00e9pendance du politique.<\/span><\/p>\n<p class=\"x_ydp7bf0ac04yiv3373127348ydp45291821MsoNormal\"><span style=\"font-family: arial, helvetica, sans-serif;font-size: 14pt\">Ce commentaire introductif vise \u00e0 replacer son argumentation dans le cadre plus large des\u00a0accommodements pr\u00e9\u00e9lectoraux de circonstance, afin de faire sentir que la question ne se limite pas \u00e0 une simple phrase mal tourn\u00e9e, mais \u00e0 une\u00a0r\u00e9\u00e9criture silencieuse de la la\u00efcit\u00e9\u00a0\u00e0 l\u2019heure de la pr\u00e9-campagne \u00e9lectorale\u00a0!<\/span><\/p>\n<p class=\"x_ydp7bf0ac04yiv3373127348ydp45291821MsoNormal\">\n<p class=\"x_ydp7bf0ac04yiv3373127348ydp45291821MsoNormal\"><span style=\"font-family: arial, helvetica, sans-serif;font-size: 14pt\">Les visiteurs pourront consulter l\u2019article original de <i>Catherine Kintzler<\/i> en cliquant <b><span style=\"font-size: 18pt\"><a href=\"http:\/\/asvpnf.com\/wp-content\/uploads\/2026\/04\/Fichier-1-Le-ministre-de-linterieur-redefinit-la-laicite.pdf\" target=\"_blank\" rel=\"noopener\">sur Fichier 1<\/a><\/span>.<\/b><\/span><\/p>\n<p class=\"x_ydp7bf0ac04yiv3373127348ydp45291821MsoNormal\"><span style=\"font-family: arial, helvetica, sans-serif;font-size: 14pt\">Ils pourront \u00e9galement prendre connaissance de l\u2019analyse (\u00a0?) qu\u2019en fait l\u2019<i>ASVPNF <\/i>\u00a0en ouvrant\u00a0<span style=\"font-size: 18pt\"><strong><a href=\"http:\/\/asvpnf.com\/wp-content\/uploads\/2026\/04\/Fichier2.-Contre-la-vision..pdf\" target=\"_blank\" rel=\"noopener\">Fichier2 <\/a><\/strong><\/span>intitul\u00e9 :<\/span><\/p>\n<p class=\"x_ydp7bf0ac04yiv3373127348ydp45291821MsoNormal\" align=\"center\"><span style=\"font-family: arial, helvetica, sans-serif;font-size: 14pt\"><b><i>\u00ab\u00a0Contre la vision\u00a0 interconvictionnelle de la tranquillit\u00e9 publique\u00a0\u00bb<\/i><\/b><\/span><\/p>\n","protected":false},"excerpt":{"rendered":"<p>A l\u2019instar de la sid\u00e9ration exprim\u00e9e par Catherine Kintzler, philosophe \u00a0et membre du Conseil \u00a0des sages de la la\u00efcit\u00e9 dans l\u2019article intitul\u00e9\u00a0; \u00ab\u00a0Le ministre de l\u2019Int\u00e9rieur red\u00e9finit la la\u00efcit\u00e9. Serait-il en mission\u00a0? et consid\u00e9rant l\u2019objet de l\u2019ASVPNF porteuse des activit\u00e9s <a class=\"more-link\" href=\"https:\/\/asvpnf.com\/index.php\/2026\/04\/26\/accommodements-preelectoraux-de-circonstance-a-la-definition-de-la-laicite-sous-les-auspices-de-la-republique-francaise\/\">En lire plus &#8230;<\/a><\/p>\n","protected":false},"author":9,"featured_media":0,"comment_status":"closed","ping_status":"closed","sticky":false,"template":"","format":"standard","meta":{"spay_email":""},"categories":[11],"tags":[],"jetpack_featured_media_url":"","_links":{"self":[{"href":"https:\/\/asvpnf.com\/index.php\/wp-json\/wp\/v2\/posts\/8224"}],"collection":[{"href":"https:\/\/asvpnf.com\/index.php\/wp-json\/wp\/v2\/posts"}],"about":[{"href":"https:\/\/asvpnf.com\/index.php\/wp-json\/wp\/v2\/types\/post"}],"author":[{"embeddable":true,"href":"https:\/\/asvpnf.com\/index.php\/wp-json\/wp\/v2\/users\/9"}],"replies":[{"embeddable":true,"href":"https:\/\/asvpnf.com\/index.php\/wp-json\/wp\/v2\/comments?post=8224"}],"version-history":[{"count":1,"href":"https:\/\/asvpnf.com\/index.php\/wp-json\/wp\/v2\/posts\/8224\/revisions"}],"predecessor-version":[{"id":8227,"href":"https:\/\/asvpnf.com\/index.php\/wp-json\/wp\/v2\/posts\/8224\/revisions\/8227"}],"wp:attachment":[{"href":"https:\/\/asvpnf.com\/index.php\/wp-json\/wp\/v2\/media?parent=8224"}],"wp:term":[{"taxonomy":"category","embeddable":true,"href":"https:\/\/asvpnf.com\/index.php\/wp-json\/wp\/v2\/categories?post=8224"},{"taxonomy":"post_tag","embeddable":true,"href":"https:\/\/asvpnf.com\/index.php\/wp-json\/wp\/v2\/tags?post=8224"}],"curies":[{"name":"wp","href":"https:\/\/api.w.org\/{rel}","templated":true}]}}