{"id":8228,"date":"2026-04-26T17:05:47","date_gmt":"2026-04-26T16:05:47","guid":{"rendered":"https:\/\/asvpnf.com\/?p=8228"},"modified":"2026-04-26T17:05:47","modified_gmt":"2026-04-26T16:05:47","slug":"lodyssee-de-la-capsule-spatiale-orion","status":"publish","type":"post","link":"https:\/\/asvpnf.com\/index.php\/2026\/04\/26\/lodyssee-de-la-capsule-spatiale-orion\/","title":{"rendered":"L\u2019odyss\u00e9e de la capsule spatiale ORION"},"content":{"rendered":"<p class=\"x_ydp53f40153MsoNormal\"><span style=\"font-family: arial, helvetica, sans-serif;font-size: 14pt\"><span lang=\"EN-US\">La capsule Orion Integrity a amerri comme pr\u00e9vu au large de la Californie \u00e0 17h07 le 10 avril, heure locale. <\/span><b><i>Reid Wiseman, Victor Glover, Christina Koch<\/i><\/b> et<b><i> Jeremy Hansen<\/i><\/b> sont de retour apr\u00e8s leur voyage historique autour de la Lune. (<b><i><a title=\"https:\/\/www.cite-espace.com\/actualites-spatiales\/artemis-ii-succes-du-retour-dorion\/\" href=\"https:\/\/www.cite-espace.com\/actualites-spatiales\/artemis-ii-succes-du-retour-dorion\/\" target=\"_blank\" rel=\"nofollow noopener noreferrer\" data-auth=\"NotApplicable\" data-linkindex=\"0\">https:\/\/www.cite-espace.com\/actualites-spatiales\/artemis-ii-succes-du-retour-dorion\/<\/a><\/i><\/b>)<\/span><\/p>\n<p class=\"x_ydp53f40153MsoNoSpacing\"><span style=\"font-family: arial, helvetica, sans-serif;font-size: 14pt\">Selon la m\u00eame source-tout particuli\u00e8rement laconique- \u201cLa\u00a0premi\u00e8re mission habit\u00e9e autour de la Lune du 21\u00e8me si\u00e8cle\u00a0avait commenc\u00e9 le 1er avril par le spectaculaire\u00a0<span lang=\"EN-US\"><a title=\"https:\/\/www.cite-espace.com\/actualites-spatiales\/artemis-ii-a-decolle\/\" href=\"https:\/\/www.cite-espace.com\/actualites-spatiales\/artemis-ii-a-decolle\/\" target=\"_blank\" rel=\"nofollow noopener noreferrer\" data-auth=\"NotApplicable\" data-linkindex=\"1\"><span lang=\"FR\">d\u00e9collage du lanceur SLS<\/span><\/a><\/span>\u00a0depuis la Floride. Quelques jours plus tard, les quatre astronautes tournaient autour de notre satellite naturel, \u00e9tablissant\u00a0<span lang=\"EN-US\"><a title=\"https:\/\/www.cite-espace.com\/actualites-spatiales\/la-mission-artemis-ii-survole-la-lune-et-etablit-un-nouveau-record-de-distance\/\" href=\"https:\/\/www.cite-espace.com\/actualites-spatiales\/la-mission-artemis-ii-survole-la-lune-et-etablit-un-nouveau-record-de-distance\/\" target=\"_blank\" rel=\"nofollow noopener noreferrer\" data-auth=\"NotApplicable\" data-linkindex=\"2\"><span lang=\"FR\">un record de distance<\/span><\/a><\/span>\u00a0et nous transmettant de formidables photographies.\u00a0Au dixi\u00e8me jour de vol, la mission s\u2019est conclue par le\u00a0succ\u00e8s de la d\u00e9licate phase de retour.\u201d<\/span><\/p>\n<p><span style=\"font-family: arial, helvetica, sans-serif;font-size: 14pt\">On ne peut que s\u2019\u00e9tonner de constater la sobri\u00e9t\u00e9 de ces communiqu\u00e9s peu enclins semble-t-il \u00e0\u00a0 saluer,avec quelque chaleur humaine,\u00a0 ce dernier exploit de la recherche spatiale.\u00a0 C\u2019est pourquoi, pour ne pas d\u00e9roger \u00e0 notre volont\u00e9\u00a0 constante de vouloir informer des citoyens \u00e9mancip\u00e9s de tous les faits et m\u00e9faits de notre plan\u00e8te \u00a0et de ceux venus d\u2019ailleurs , nous avons tenu \u00e0 rassembler sur ce site des \u00e9l\u00e9ments concrets et intelligibles concernant le ou les programmes de recherche spatiale concern\u00e9s par ces exp\u00e9riences hors normes . Soulignons d\u2019abord\u00a0 que l\u2019\u00e9v\u00e9nement mentionn\u00e9 ci-dessus qui aurait pu d\u00e9frayer la chronique se trouve pr\u00e9sent\u00e9\u00a0 dans ses \u00a0modalit\u00e9s principales \u00a0par <i>Wikipedia<\/i>\u00a0(<b><i>https:\/\/fr.wikipedia.org\/wiki\/Orion_(v%C3%A9hicule_spatial)#:~:text=Le%20premier%20vol%20d&rsquo;un,est%20programm%C3%A9%20en%20avril%202026<\/i><\/b>.)<\/span><\/p>\n<p><span style=\"font-family: arial, helvetica, sans-serif;font-size: 14pt\">\u00ab<b>\u00a0O<\/b><b><i>rion<\/i><\/b><b>\u00a0est un\u00a0<a title=\"https:\/\/fr.wikipedia.org\/wiki\/V%C3%A9hicule_spatial\" href=\"https:\/\/fr.wikipedia.org\/wiki\/V%C3%A9hicule_spatial\" target=\"_blank\" rel=\"nofollow noopener noreferrer\" data-auth=\"NotApplicable\" data-linkindex=\"3\">v\u00e9hicule spatial<\/a>\u00a0de la\u00a0<a title=\"https:\/\/fr.wikipedia.org\/wiki\/National_Aeronautics_and_Space_Administration\" href=\"https:\/\/fr.wikipedia.org\/wiki\/National_Aeronautics_and_Space_Administration\" target=\"_blank\" rel=\"nofollow noopener noreferrer\" data-auth=\"NotApplicable\" data-linkindex=\"4\">NASA<\/a><\/b>\u00a0con\u00e7u pour transporter un \u00e9quipage de quatre astronautes au-del\u00e0 de l&rsquo;<a title=\"https:\/\/fr.wikipedia.org\/wiki\/Orbite_terrestre_basse\" href=\"https:\/\/fr.wikipedia.org\/wiki\/Orbite_terrestre_basse\" target=\"_blank\" rel=\"nofollow noopener noreferrer\" data-auth=\"NotApplicable\" data-linkindex=\"5\">orbite terrestre basse<\/a>\u00a0pour une mission de trois semaines. Il est plac\u00e9 en orbite par le\u00a0<a title=\"https:\/\/fr.wikipedia.org\/wiki\/Lanceur_(astronautique)\" href=\"https:\/\/fr.wikipedia.org\/wiki\/Lanceur_(astronautique)\" target=\"_blank\" rel=\"nofollow noopener noreferrer\" data-auth=\"NotApplicable\" data-linkindex=\"6\">lanceur<\/a>\u00a0lourd\u00a0<a title=\"https:\/\/fr.wikipedia.org\/wiki\/Space_Launch_System\" href=\"https:\/\/fr.wikipedia.org\/wiki\/Space_Launch_System\" target=\"_blank\" rel=\"nofollow noopener noreferrer\" data-auth=\"NotApplicable\" data-linkindex=\"7\"><i>SLS<\/i><\/a>. Utilis\u00e9 dans le cadre du\u00a0<a title=\"https:\/\/fr.wikipedia.org\/wiki\/Programme_Artemis\" href=\"https:\/\/fr.wikipedia.org\/wiki\/Programme_Artemis\" target=\"_blank\" rel=\"nofollow noopener noreferrer\" data-auth=\"NotApplicable\" data-linkindex=\"8\">programme\u00a0<i>Artemis<\/i><\/a>, il a pour r\u00f4le, de fa\u00e7on similaire au\u00a0<a title=\"https:\/\/fr.wikipedia.org\/wiki\/Apollo_(vaisseau_spatial)\" href=\"https:\/\/fr.wikipedia.org\/wiki\/Apollo_(vaisseau_spatial)\" target=\"_blank\" rel=\"nofollow noopener noreferrer\" data-auth=\"NotApplicable\" data-linkindex=\"9\">vaisseau\u00a0<i>Apollo<\/i><\/a>, de transporter les \u00e9quipages jusqu&rsquo;\u00e0 l&rsquo;<a title=\"https:\/\/fr.wikipedia.org\/wiki\/Orbite_s%C3%A9l%C3%A9nocentrique\" href=\"https:\/\/fr.wikipedia.org\/wiki\/Orbite_s%C3%A9l%C3%A9nocentrique\" target=\"_blank\" rel=\"nofollow noopener noreferrer\" data-auth=\"NotApplicable\" data-linkindex=\"10\">orbite lunaire<\/a>\u00a0et de les ramener sur Terre une fois leur mission accomplie. Deux vols sans \u00e9quipage ont \u00e9t\u00e9 effectu\u00e9s respectivement en\u00a0d\u00e9cembre 2014\u00a0(<a title=\"https:\/\/fr.wikipedia.org\/wiki\/Exploration_Flight_Test_1\" href=\"https:\/\/fr.wikipedia.org\/wiki\/Exploration_Flight_Test_1\" target=\"_blank\" rel=\"nofollow noopener noreferrer\" data-auth=\"NotApplicable\" data-linkindex=\"11\">EFT-1<\/a>) et\u00a0novembre 2022\u00a0(<span class=\"x_ydp53f40153nowrap\"><i><a title=\"https:\/\/fr.wikipedia.org\/wiki\/Artemis_I\" href=\"https:\/\/fr.wikipedia.org\/wiki\/Artemis_I\" target=\"_blank\" rel=\"nofollow noopener noreferrer\" data-auth=\"NotApplicable\" data-linkindex=\"12\">Artemis\u00a0<span class=\"x_ydp53f40153romain\">I<\/span><\/a><\/i><\/span>). Le premier vol avec \u00e9quipage est lanc\u00e9 en\u00a0avril 2026\u00a0(mission\u00a0<span class=\"x_ydp53f40153nowrap\"><i><a title=\"https:\/\/fr.wikipedia.org\/wiki\/Artemis_II\" href=\"https:\/\/fr.wikipedia.org\/wiki\/Artemis_II\" target=\"_blank\" rel=\"nofollow noopener noreferrer\" data-auth=\"NotApplicable\" data-linkindex=\"13\">Artemis\u00a0<span class=\"x_ydp53f40153romain\">II<\/span><\/a><\/i><\/span>).<\/span><\/p>\n<p><span style=\"font-family: arial, helvetica, sans-serif;font-size: 14pt\">\u00a0<b>\u00ab\u00a0\u00c0 l&rsquo;origine,\u00a0<i>Orion<\/i>\u00a0fut d\u00e9velopp\u00e9 dans le cadre du\u00a0<a title=\"https:\/\/fr.wikipedia.org\/wiki\/Programme_Constellation\" href=\"https:\/\/fr.wikipedia.org\/wiki\/Programme_Constellation\" target=\"_blank\" rel=\"nofollow noopener noreferrer\" data-auth=\"NotApplicable\" data-linkindex=\"14\">programme\u00a0<i>Constellation<\/i><\/a>\u00a0(2006),<\/b> dont l&rsquo;objectif \u00e9tait d&#8217;emmener des\u00a0<a title=\"https:\/\/fr.wikipedia.org\/wiki\/Exploration_de_la_Lune\" href=\"https:\/\/fr.wikipedia.org\/wiki\/Exploration_de_la_Lune\" target=\"_blank\" rel=\"nofollow noopener noreferrer\" data-auth=\"NotApplicable\" data-linkindex=\"15\">hommes sur la Lune<\/a>\u00a0\u00e0 l&rsquo;horizon 2022 et de remplacer la\u00a0<a title=\"https:\/\/fr.wikipedia.org\/wiki\/Navette_spatiale_am%C3%A9ricaine\" href=\"https:\/\/fr.wikipedia.org\/wiki\/Navette_spatiale_am%C3%A9ricaine\" target=\"_blank\" rel=\"nofollow noopener noreferrer\" data-auth=\"NotApplicable\" data-linkindex=\"16\">navette spatiale<\/a>\u00a0pour la rel\u00e8ve des \u00e9quipages de la\u00a0<a title=\"https:\/\/fr.wikipedia.org\/wiki\/Station_spatiale_internationale\" href=\"https:\/\/fr.wikipedia.org\/wiki\/Station_spatiale_internationale\" target=\"_blank\" rel=\"nofollow noopener noreferrer\" data-auth=\"NotApplicable\" data-linkindex=\"17\">Station spatiale internationale<\/a>\u2026 Ce programme fut abandonn\u00e9\u00a0 en 2010 puis repris avec les d\u00e9veloppements que l\u2019on vient de d\u00e9couvrir<\/span><\/p>\n<p>&nbsp;<\/p>\n<p><span style=\"font-family: arial, helvetica, sans-serif;font-size: 14pt\"><b><i>\u00ab\u00a0Orion<\/i><\/b><b>\u00a0reprend l&rsquo;architecture du\u00a0<a title=\"https:\/\/fr.wikipedia.org\/wiki\/Module_de_commande_et_de_service_Apollo\" href=\"https:\/\/fr.wikipedia.org\/wiki\/Module_de_commande_et_de_service_Apollo\" target=\"_blank\" rel=\"nofollow noopener noreferrer\" data-auth=\"NotApplicable\" data-linkindex=\"18\">vaisseau\u00a0<i>Apollo<\/i><\/a>\u00a0<\/b>avec une\u00a0<a title=\"https:\/\/fr.wikipedia.org\/wiki\/Capsule_spatiale\" href=\"https:\/\/fr.wikipedia.org\/wiki\/Capsule_spatiale\" target=\"_blank\" rel=\"nofollow noopener noreferrer\" data-auth=\"NotApplicable\" data-linkindex=\"19\">capsule<\/a>\u00a0conique contenant l&rsquo;habitacle dans lequel s\u00e9journe l&rsquo;\u00e9quipage, un\u00a0<a title=\"https:\/\/fr.wikipedia.org\/wiki\/Plateforme_(astronautique)\" href=\"https:\/\/fr.wikipedia.org\/wiki\/Plateforme_(astronautique)\" target=\"_blank\" rel=\"nofollow noopener noreferrer\" data-auth=\"NotApplicable\" data-linkindex=\"20\">module de service<\/a>\u00a0dans lequel est rassembl\u00e9 tout ce qui n&rsquo;est pas n\u00e9cessaire au retour sur Terre et une\u00a0<a title=\"https:\/\/fr.wikipedia.org\/wiki\/Tour_de_sauvetage\" href=\"https:\/\/fr.wikipedia.org\/wiki\/Tour_de_sauvetage\" target=\"_blank\" rel=\"nofollow noopener noreferrer\" data-auth=\"NotApplicable\" data-linkindex=\"21\">tour de sauvetage<\/a>, qui est utilis\u00e9e en cas de d\u00e9faillance du lanceur.<\/span><\/p>\n<p><span style=\"font-family: arial, helvetica, sans-serif;font-size: 14pt\">\u00ab\u00a0Le module de service est largu\u00e9 avant la\u00a0<a title=\"https:\/\/fr.wikipedia.org\/wiki\/Rentr%C3%A9e_atmosph%C3%A9rique\" href=\"https:\/\/fr.wikipedia.org\/wiki\/Rentr%C3%A9e_atmosph%C3%A9rique\" target=\"_blank\" rel=\"nofollow noopener noreferrer\" data-auth=\"NotApplicable\" data-linkindex=\"22\">rentr\u00e9e atmosph\u00e9rique<\/a>. L&rsquo;ensemble a une <b>masse d&rsquo;environ\u00a0<span class=\"x_ydp53f40153nowrap\">27 tonnes<\/span><\/b>, dont\u00a0<span class=\"x_ydp53f40153nowrap\">16 tonnes<\/span>\u00a0pour le module de service.<\/span><\/p>\n<p><span style=\"font-family: arial, helvetica, sans-serif;font-size: 14pt\"><b>\u00ab\u00a0Le vaisseau\u00a0<i>Orion<\/i>\u00a0est con\u00e7u pour \u00eatre lanc\u00e9 par le lanceur lourd\u00a0<i>SLS<\/i><\/b>\u00a0d\u00e9velopp\u00e9 sp\u00e9cifiquement dans ce but. Contrairement \u00e0 ses pr\u00e9d\u00e9cesseurs,\u00a0<b>Orion\u00a0utilise des\u00a0<a title=\"https:\/\/fr.wikipedia.org\/wiki\/Capteur_solaire_photovolta%C3%AFque\" href=\"https:\/\/fr.wikipedia.org\/wiki\/Capteur_solaire_photovolta%C3%AFque\" target=\"_blank\" rel=\"nofollow noopener noreferrer\" data-auth=\"NotApplicable\" data-linkindex=\"23\">panneaux solaires<\/a>\u00a0pour la production d&rsquo;\u00e9nergie<\/b>. Il dispose d&rsquo;un volume habitable plus que doubl\u00e9 par rapport au vaisseau\u00a0<i>Apollo<\/i>\u00a0et d&rsquo;un\u00a0<a title=\"https:\/\/fr.wikipedia.org\/wiki\/NASA_Docking_System\" href=\"https:\/\/fr.wikipedia.org\/wiki\/NASA_Docking_System\" target=\"_blank\" rel=\"nofollow noopener noreferrer\" data-auth=\"NotApplicable\" data-linkindex=\"24\">syst\u00e8me d&rsquo;amarrage<\/a>\u00a0similaire \u00e0 celui de la navette spatiale am\u00e9ricaine. Le vaisseau\u00a0<i>Orion<\/i>\u00a0est con\u00e7u pour se poser en mer \u00e0 son retour sur Terre et <b>est r\u00e9utilisable<\/b>.\u00a0\u00bb<\/span><\/p>\n<p>&nbsp;<\/p>\n<p><span style=\"font-family: arial, helvetica, sans-serif;font-size: 14pt\">\u00ab\u00a0Le r\u00f4le assign\u00e9 au vaisseau\u00a0<i>Orion<\/i>\u00a0est d&rsquo;amener l&rsquo;\u00e9quipage sur une\u00a0<a title=\"https:\/\/fr.wikipedia.org\/wiki\/Orbite_s%C3%A9l%C3%A9nocentrique\" href=\"https:\/\/fr.wikipedia.org\/wiki\/Orbite_s%C3%A9l%C3%A9nocentrique\" target=\"_blank\" rel=\"nofollow noopener noreferrer\" data-auth=\"NotApplicable\" data-linkindex=\"25\">orbite lunaire<\/a>\u00a0haute, o\u00f9 deux des astronautes s&#8217;embarquent dans le vaisseau\u00a0<a title=\"https:\/\/fr.wikipedia.org\/wiki\/Starship_HLS\" href=\"https:\/\/fr.wikipedia.org\/wiki\/Starship_HLS\" target=\"_blank\" rel=\"nofollow noopener noreferrer\" data-auth=\"NotApplicable\" data-linkindex=\"26\"><i>HLS<\/i><\/a>\u00a0charg\u00e9 de les amener \u00e0 la surface de la Lune. Ce transfert peut se faire directement ou apr\u00e8s amarrage \u00e0 la\u00a0<a title=\"https:\/\/fr.wikipedia.org\/wiki\/Station_spatiale\" href=\"https:\/\/fr.wikipedia.org\/wiki\/Station_spatiale\" target=\"_blank\" rel=\"nofollow noopener noreferrer\" data-auth=\"NotApplicable\" data-linkindex=\"27\">station spatiale<\/a>\u00a0<i><a title=\"https:\/\/fr.wikipedia.org\/wiki\/Lunar_Gateway\" href=\"https:\/\/fr.wikipedia.org\/wiki\/Lunar_Gateway\" target=\"_blank\" rel=\"nofollow noopener noreferrer\" data-auth=\"NotApplicable\" data-linkindex=\"28\">Lunar Gateway<\/a><\/i>, dont la date de mise \u00e0 disposition reste incertaine. \u00ab\u00a0Le premier vol d&rsquo;un vaisseau\u00a0<i>Orion<\/i>,\u00a0<span class=\"x_ydp53f40153nowrap\"><b><i><a title=\"https:\/\/fr.wikipedia.org\/wiki\/Artemis_I\" href=\"https:\/\/fr.wikipedia.org\/wiki\/Artemis_I\" target=\"_blank\" rel=\"nofollow noopener noreferrer\" data-auth=\"NotApplicable\" data-linkindex=\"29\">Artemis\u00a0<span class=\"x_ydp53f40153romain\">I<\/span><\/a><\/i><\/b><\/span><b>,<\/b><b> qui est destin\u00e9 \u00e0 qualifier ses syst\u00e8mes sans emporter d&rsquo;\u00e9quipage <\/b>et qui constitue \u00e9galement le vol inaugural du lanceur\u00a0<i>SLS<\/i>, a \u00a0eu lieu en novembre 2022.\u00a0<\/span><\/p>\n<p><span style=\"font-family: arial, helvetica, sans-serif;font-size: 14pt\"><span class=\"x_ydp53f40153nowrap\"><i>\u00ab\u00a0<\/i><\/span><span class=\"x_ydp53f40153nowrap\"><b><i><a title=\"https:\/\/fr.wikipedia.org\/wiki\/Artemis_II\" href=\"https:\/\/fr.wikipedia.org\/wiki\/Artemis_II\" target=\"_blank\" rel=\"nofollow noopener noreferrer\" data-auth=\"NotApplicable\" data-linkindex=\"30\">Artemis\u00a0<span class=\"x_ydp53f40153romain\">II<\/span><\/a><\/i><\/b><\/span><b>,<\/b> le premier vol avec \u00e9quipage qui devait faire le tour de la Lune, \u00e9tait programm\u00e9 pour avril 2026(mission r\u00e9ussie ?)<\/span><\/p>\n<p><span style=\"font-family: arial, helvetica, sans-serif;font-size: 14pt\">La premi\u00e8re mission destin\u00e9e \u00e0 amener des astronautes sur le sol lunaire sera\u00a0\u00a0<span class=\"x_ydp53f40153nowrap\"><b><i><a class=\"x_ydp3742104enhancr_card_6378916801\" title=\"https:\/\/fr.wikipedia.org\/wiki\/Artemis_III\" href=\"https:\/\/fr.wikipedia.org\/wiki\/Artemis_III\" target=\"_blank\" rel=\"nofollow noopener noreferrer\" data-auth=\"NotApplicable\" data-linkindex=\"31\">Artemis\u00a0<span class=\"x_ydp53f40153romain\">III<\/span><\/a><\/i><\/b><\/span><\/span><\/p>\n<div><span style=\"font-family: arial, helvetica, sans-serif;font-size: 14pt\"><b><i>\u00a0<\/i><\/b><\/span><\/div>\n<div id=\"x_ydp23450118enhancr_card_6378916801\" class=\"x_ydp23450118yahoo-link-enhancr-card x_ydp23450118ymail-preserve-class x_ydp23450118ymail-preserve-style\" data-url=\"https:\/\/fr.wikipedia.org\/wiki\/Artemis_III\" data-type=\"YENHANCER\" data-size=\"MEDIUM\">\n<div class=\"R1UVb\">\n<div class=\"qF8_5\"><\/div>\n<table class=\"x_ydp23450118card-wrapper x_ydp23450118yahoo-ignore-table\" border=\"0\" cellspacing=\"0\" cellpadding=\"0\">\n<tbody>\n<tr>\n<td width=\"400\">\n<table class=\"x_ydp23450118card x_ydp23450118yahoo-ignore-table\" border=\"0\" width=\"100%\" cellspacing=\"0\" cellpadding=\"0\">\n<tbody>\n<tr>\n<td class=\"x_ydp23450118card-primary-image-cell\" valign=\"top\" bgcolor=\"#000000\" height=\"175\" data-imagetype=\"External\">\n<table class=\"x_ydp23450118card-overlay-container-table x_ydp23450118yahoo-ignore-table\" style=\"width: 100%;height: 67px\" border=\"0\" cellspacing=\"0\" cellpadding=\"0\">\n<tbody>\n<tr style=\"height: 67px\">\n<td class=\"x_ydp23450118card-overlay-cell\" style=\"height: 67px\" valign=\"top\" bgcolor=\"transparent\" data-imagetype=\"External\">\n<table class=\"x_ydp23450118yahoo-ignore-table\" border=\"0\">\n<tbody>\n<tr>\n<td class=\"x_ydp23450118card-richInfo2\"><\/td>\n<td class=\"x_ydp23450118card-actions\">\n<div class=\"x_ydp23450118card-share-container\"><\/div>\n<\/td>\n<\/tr>\n<\/tbody>\n<\/table>\n<\/td>\n<\/tr>\n<\/tbody>\n<\/table>\n<\/td>\n<\/tr>\n<tr>\n<td>\n<table class=\"x_ydp23450118card-info x_ydp23450118yahoo-ignore-table\" border=\"0\" cellspacing=\"0\" cellpadding=\"0\" align=\"center\">\n<tbody>\n<tr>\n<td><\/td>\n<td>\n<h2 class=\"x_ydp23450118card-title\"><span style=\"font-family: arial, helvetica, sans-serif;font-size: 14pt\">Artemis III \u2014 Wikip\u00e9dia<\/span><\/h2>\n<p class=\"x_ydp23450118card-description\">\n<\/td>\n<\/tr>\n<\/tbody>\n<\/table>\n<\/td>\n<\/tr>\n<\/tbody>\n<\/table>\n<\/td>\n<\/tr>\n<\/tbody>\n<\/table>\n<\/div>\n<\/div>\n<div><span style=\"font-family: arial, helvetica, sans-serif;font-size: 14pt\"><b><i>\u00a0<\/i><\/b><\/span><\/div>\n<div><span style=\"font-family: arial, helvetica, sans-serif;font-size: 14pt\"><b><i>Sa date de lancement reste d\u00e9pendante de l&rsquo;avancement du projet\u00a0HLS.\u00a0\u00bb<\/i><\/b><\/span><\/div>\n<p>&nbsp;<\/p>\n<p class=\"x_ydp53f40153MsoNoSpacing\"><span style=\"font-family: arial, helvetica, sans-serif;font-size: 14pt\">Les visiteurs de ce site pourront consulter \u00a0un fichier d\u00e9volu \u00e0 cette \u00e9tape importante de la recherche spatiale qui ne manque pas d\u2019interpeller le bon sens commun sur la r\u00e9alit\u00e9 de son int\u00e9r\u00eat pour le bien commun et le progr\u00e8s de l\u2019humanit\u00e9 lorsqu\u2019on le confronte \u00a0\u00a0au banc d\u2019essai de l&rsquo;acquisition de connaissances \u00a0nouvelles sur l\u2019organisation et le fonctionnement de l\u2019Univers qui furent \u00e0 l\u2019origine de la vie terrestre .<\/span><\/p>\n<p class=\"x_ydp53f40153MsoNoSpacing\"><span style=\"font-family: arial, helvetica, sans-serif;font-size: 14pt\">\u00a0<b><i><span lang=\"EN-US\">On dira de fa\u00e7on liminaire que \u00ab\u00a0\u00ab La mission Artemis II a franchi une \u00e9tape importante dans l\u2019histoire des vols habit\u00e9s en espace lointain. <\/span><\/i><\/b><b><i>Les difficult\u00e9s techniques surmont\u00e9es ne rel\u00e8vent pas seulement de la performance spatiale : elles ouvrent la voie aux missions suivantes et rappellent que la recherche scientifique ne vaut pleinement que si elle demeure au service de l\u2019humanit\u00e9, de la connaissance et d\u2019un usage plus responsable des moyens dont dispose notre plan\u00e8te. \u00bb<\/i><\/b><\/span><\/p>\n<p class=\"x_ydp53f40153MsoNormal\"><span style=\"font-family: arial, helvetica, sans-serif;font-size: 14pt\"><b><i><span lang=\"EN-US\">\u00ab Le programme Artemis s\u2019inscrit dans une progression : essais initiaux, vol habit\u00e9 de validation, retour sur la Lune, puis pr\u00e9paration d\u2019explorations plus ambitieuses. Il n\u2019a de sens que s\u2019il nourrit aussi une r\u00e9flexion sur la solidarit\u00e9 humaine, les besoins essentiels des peuples et la valeur du savoir partag\u00e9. \u00bb<\/span><\/i><\/b><\/span><\/p>\n<p class=\"x_ydp53f40153MsoNoSpacing\"><span style=\"font-family: arial, helvetica, sans-serif;font-size: 14pt\">\u00a0 Ceci \u00e9tant pos\u00e9 on pourra consulter le fichier\u00a0 suivant intitul\u00e9\u00a0:<\/span><\/p>\n<p class=\"x_ydp53f40153MsoNoSpacing\"><span style=\"font-family: arial, helvetica, sans-serif;font-size: 14pt\">\u00a0\u00ab\u00a0<b><i><span lang=\"EN-US\">Apr\u00e8s ARTEMIS 2 : pour un programme de recherche spatiale coh\u00e9rent au service de l&rsquo;humanit\u00e9\u00a0\u00bb<\/span><\/i><\/b><\/span><\/p>\n<p class=\"x_ydp53f40153MsoNormal\"><span style=\"font-family: arial, helvetica, sans-serif;font-size: 14pt\"><b><i>\u00a0<\/i><\/b>Il est accessible <span style=\"font-size: 18pt\"><strong><a href=\"http:\/\/asvpnf.com\/wp-content\/uploads\/2026\/04\/Apres-ARTEMIS-2.pdf\" target=\"_blank\" rel=\"noopener\">ici<\/a><\/strong><\/span><\/span><\/p>\n","protected":false},"excerpt":{"rendered":"<p>La capsule Orion Integrity a amerri comme pr\u00e9vu au large de la Californie \u00e0 17h07 le 10 avril, heure locale. Reid Wiseman, Victor Glover, Christina Koch et Jeremy Hansen sont de retour apr\u00e8s leur voyage historique autour de la Lune. <a class=\"more-link\" href=\"https:\/\/asvpnf.com\/index.php\/2026\/04\/26\/lodyssee-de-la-capsule-spatiale-orion\/\">En lire plus &#8230;<\/a><\/p>\n","protected":false},"author":9,"featured_media":0,"comment_status":"closed","ping_status":"closed","sticky":false,"template":"","format":"standard","meta":{"spay_email":""},"categories":[10],"tags":[47],"jetpack_featured_media_url":"","_links":{"self":[{"href":"https:\/\/asvpnf.com\/index.php\/wp-json\/wp\/v2\/posts\/8228"}],"collection":[{"href":"https:\/\/asvpnf.com\/index.php\/wp-json\/wp\/v2\/posts"}],"about":[{"href":"https:\/\/asvpnf.com\/index.php\/wp-json\/wp\/v2\/types\/post"}],"author":[{"embeddable":true,"href":"https:\/\/asvpnf.com\/index.php\/wp-json\/wp\/v2\/users\/9"}],"replies":[{"embeddable":true,"href":"https:\/\/asvpnf.com\/index.php\/wp-json\/wp\/v2\/comments?post=8228"}],"version-history":[{"count":1,"href":"https:\/\/asvpnf.com\/index.php\/wp-json\/wp\/v2\/posts\/8228\/revisions"}],"predecessor-version":[{"id":8230,"href":"https:\/\/asvpnf.com\/index.php\/wp-json\/wp\/v2\/posts\/8228\/revisions\/8230"}],"wp:attachment":[{"href":"https:\/\/asvpnf.com\/index.php\/wp-json\/wp\/v2\/media?parent=8228"}],"wp:term":[{"taxonomy":"category","embeddable":true,"href":"https:\/\/asvpnf.com\/index.php\/wp-json\/wp\/v2\/categories?post=8228"},{"taxonomy":"post_tag","embeddable":true,"href":"https:\/\/asvpnf.com\/index.php\/wp-json\/wp\/v2\/tags?post=8228"}],"curies":[{"name":"wp","href":"https:\/\/api.w.org\/{rel}","templated":true}]}}