{"id":8237,"date":"2026-04-27T19:21:13","date_gmt":"2026-04-27T18:21:13","guid":{"rendered":"https:\/\/asvpnf.com\/?p=8237"},"modified":"2026-04-27T19:24:40","modified_gmt":"2026-04-27T18:24:40","slug":"en-hommage-a-yves-cotty","status":"publish","type":"post","link":"https:\/\/asvpnf.com\/index.php\/2026\/04\/27\/en-hommage-a-yves-cotty\/","title":{"rendered":"En hommage \u00e0 Yves Cotty"},"content":{"rendered":"<p><span style=\"font-family: arial, helvetica, sans-serif;font-size: 14pt\"><strong>\u00a0 \u00a0 \u00a0 \u00a0 \u00a0 \u00a0 \u00a0 \u00a0 \u00a0 \u00a0 \u00a0 \u00a0 \u00a0 \u00a0 \u00a0 \u00a0 \u00a0 \u00a0 \u00a0 \u00a0 \u00a0 \u00a0 \u00a0 \u00a0 \u00a0 \u00a0 \u00a0 \u00a0 \u00a0 \u00a0 \u00a0 \u00a0 \u00a0<\/strong><\/span><span style=\"font-family: arial, helvetica, sans-serif;font-size: 18pt\"><em>(1919-1980)<\/em><\/span><\/p>\n<p><span style=\"font-family: arial, helvetica, sans-serif;font-size: 14pt\"><strong>\u00a0<\/strong><\/span><\/p>\n<p><span style=\"font-family: arial, helvetica, sans-serif;font-size: 14pt\">Un de nos coll\u00e8gues , <em>Jean-Yves Cotty<\/em>, ancien \u00e9l\u00e8ve-ma\u00eetre de l\u2019ENG de Quimper, a eu \u00a0l\u2019id\u00e9e lumineuse \u00a0de nous faire parvenir r\u00e9cemment un document exceptionnel constituant \u00e0 lui seul un \u00e9l\u00e9ment structurant \u00a0de notre m\u00e9moire normalienne\u00a0! Il y rapporte le devenir hors normes de\u00a0 son propre p\u00e8re, lui-m\u00eame normalien ayant quitt\u00e9 ce qui fut appel\u00e9 le <em>Ch\u00e2teau de\u00a0 Rosmadec<\/em> en 1940, au moment o\u00f9 le R\u00e9gime de Vichy (et la France occup\u00e9e ) supprimaient l\u2019Ecole \u00e9mancipatrice qui venait de lui donner acc\u00e8s au beau m\u00e9tier d\u2019Instituteur.\u00a0 En r\u00e9alit\u00e9 c\u2019est un chemin sem\u00e9 d\u2019embuches et de violences extr\u00eames qui l\u2019attendait\u2026 celui de la R\u00e9sistance \u00e0 l\u2019Occupant et de la D\u00e9portation.\u00a0\u00a0 Son fils, \u00a0retrait\u00e9 de l\u2019Education nationale, en rapporte les principales \u00e9tapes\u00a0 dans <span style=\"font-size: 18pt\"><strong><a href=\"http:\/\/asvpnf.com\/wp-content\/uploads\/2026\/04\/Elements-de-biographie-de-Yves-COTTY-pour-envoi-Word.pdf\" target=\"_blank\" rel=\"noopener\">un fichier 1<\/a><\/strong><\/span> , accessible au moyen d\u2019un clic gauche. \u00a0Il s\u2019intitule\u00a0:<\/span><\/p>\n<p><span style=\"font-family: arial, helvetica, sans-serif;font-size: 14pt\"><strong><em>\u00ab\u00a0El\u00e9ments de biographie de Yves COTTY\u00a0\u00bb<\/em><\/strong><\/span><\/p>\n<p>&nbsp;<\/p>\n<p><span style=\"font-family: arial, helvetica, sans-serif;font-size: 14pt\"><strong><em>\u201cYves Cotty y appara\u00eet comme une figure tr\u00e8s repr\u00e9sentative d\u2019une g\u00e9n\u00e9ration normalienne et enseignante entr\u00e9e tr\u00e8s jeune dans la clandestinit\u00e9. Les sources convergent sur son parcours breton : enfance \u00e0 Ploun\u00e9v\u00e9zel, formation \u00e0 l\u2019\u00c9cole normale de Quimper, premier poste d\u2019instituteur \u00e0 Pont-de-Buis, puis engagement dans la R\u00e9sistance \u00e0 Saint-Goazec, o\u00f9 il rejoint un r\u00e9seau li\u00e9 \u00e0 l\u2019Organisation sp\u00e9ciale puis aux FTPF.<\/em><\/strong><\/span><\/p>\n<p><span style=\"font-family: arial, helvetica, sans-serif;font-size: 14pt\"><strong><em>Son arrestation le 18 d\u00e9cembre 1943, son internement \u00e0 Quimper et son transfert par Compi\u00e8gne vers Auschwitz, puis Buchenwald, sont \u00e9galement bien \u00e9tablis. Le site de l\u2019association Buchenwald-Dora pr\u00e9cise qu\u2019il est arriv\u00e9 \u00e0 Auschwitz le 30 avril 1944, tatou\u00e9 du num\u00e9ro 186573, puis transf\u00e9r\u00e9 \u00e0 Buchenwald o\u00f9 il re\u00e7oit le matricule 52487 et sera lib\u00e9r\u00e9 le 11 avril 1945. <\/em><\/strong><strong>Le Maitron<em> confirme cette chronologie et ajoute des \u00e9l\u00e9ments biographiques et familiaux utiles, notamment son mariage apr\u00e8s-guerre et son activit\u00e9 d\u2019enseignant \u00e0 Mo\u00eblan-sur-Mer.<\/em><\/strong><\/span><\/p>\n<p><span style=\"font-family: arial, helvetica, sans-serif;font-size: 14pt\"><strong><em>Sur le plan strictement historique, Yves Cotty repr\u00e9sente le \u00ab <\/em><\/strong><strong>Normalien quimp\u00e9rois de 1940 tatou\u00e9 \u00e0 Buchenwald<em> \u00bb, et son engagement \u00e0 20 ans \u00a0relie trois r\u00e9alit\u00e9s historiques : l\u2019\u00e9cole normale comme matrice r\u00e9publicaine, la Bretagne occup\u00e9e comme espace de r\u00e9sistance, et le camp comme lieu de d\u00e9shumanisation extr\u00eame.\u00a0\u00bb<\/em><\/strong><\/span><\/p>\n<p><span style=\"font-family: arial, helvetica, sans-serif;font-size: 14pt\"><strong><em>\u00ab\u00a0 S\u2019agissant de la reconstruction et de la restitution\u00a0 de la m\u00e9moire normalienne on se rendra compte que l\u2019 ancien \u00e9l\u00e8ve de l\u2019\u00c9cole normale de Quimper n\u2019est pas seulement un \u201cagent\u201d de la R\u00e9sistance, mais aussi le produit d\u2019une culture scolaire et civique.Son impr\u00e9gnation par la vie normalienne permet aussi de souligner la dimension collective de la d\u00e9marche \u00a0et de l\u2019esprit de promotion soutenus par les affinit\u00e9s personnelles\u00a0 et les pr\u00e9mices du militantisme politique. Ceci permet d\u2019\u00e9baucher une m\u00e9moire d\u2019\u00e9cole non pas h\u00e9ro\u00efsante au sens abstrait, mais incarn\u00e9e, document\u00e9e, et li\u00e9e \u00e0 une g\u00e9n\u00e9ration pr\u00e9cise confront\u00e9e \u00e0 un \u00e9pisode dramatique de notre histoire \u00a0nationale et capable\u00a0 de s\u2019engager dans une action lib\u00e9ratrice, au sein du combat clandestin des d\u00e9port\u00e9s.\u00a0\u00bb<\/em><\/strong><\/span><\/p>\n<p><span style=\"font-family: arial, helvetica, sans-serif;font-size: 14pt\"><strong><em>\u00ab\u00a0Le texte de Jean Yves Cotty et la citation rapport\u00e9e d\u2019Alain Legrand donnent au dossier sa force humaine. La phrase transmise par la m\u00e9moire familiale \u2014 \u201cNous \u00e9tions tatou\u00e9s, marqu\u00e9s comme des animaux&#8230;\u201d \u2014 dit la violence symbolique de l\u2019empreinte concentrationnaire et le fait que le tatouage ne dispara\u00eet pas avec le retour.\u201d <\/em><\/strong><\/span><\/p>\n<p><span style=\"font-family: arial, helvetica, sans-serif;font-size: 14pt\"><strong>\u00ab\u00a0Le Maitron et l\u2019association Buchenwald-Dora<em> confirment qu\u2019il est revenu en Bretagne, \u00a0s\u2019est rengag\u00e9 dans une vie personnelle, puis a poursuivi une carri\u00e8re dans l\u2019enseignement, tout en portant cette blessure jusqu\u2019\u00e0 sa mort en 1980.\u00a0\u00bb<\/em><\/strong><\/span><\/p>\n<p><span style=\"font-family: arial, helvetica, sans-serif;font-size: 14pt\"><strong><em>\u00ab\u00a0Pour l\u2019histoire de l\u2019institution, on notera en effet que\u00a0 Yves Cotty\u00a0 reprit \u00a0d\u00e8s 1946 le fil d\u2019une\u00a0 carri\u00e8re &#8211; juste amorc\u00e9e en 1940- dans plusieurs \u00e9tablissements scolaires du Finist\u00e8re (au point de laisser son nom, au Coll\u00e8ge public de Mo\u00eblan-sur-Mer). Il s\u2019impliqua aussi dans la vie associative et citoyenne de sa collectivit\u00e9 \u00a0(Amicale la\u00efque, Union sportive) sans compter la vie politique ( Secr\u00e9taire de la cellule locale du Parti communiste).\u00a0\u00bb<\/em><\/strong><\/span><\/p>\n<p><span style=\"font-family: arial, helvetica, sans-serif;font-size: 14pt\"><strong><em>\u00a0<\/em><\/strong><\/span><\/p>\n<p><span style=\"font-family: arial, helvetica, sans-serif;font-size: 14pt\"><strong><em>\u00a0<\/em><\/strong><\/span><\/p>\n<p><span style=\"font-family: arial, helvetica, sans-serif;font-size: 14pt\"><strong>Photo <img loading=\"lazy\" class=\"alignnone wp-image-8238\" src=\"http:\/\/asvpnf.com\/wp-content\/uploads\/2026\/04\/IMG_1346-300x175.jpg\" alt=\"\" width=\"638\" height=\"372\" srcset=\"https:\/\/asvpnf.com\/wp-content\/uploads\/2026\/04\/IMG_1346-300x175.jpg 300w, https:\/\/asvpnf.com\/wp-content\/uploads\/2026\/04\/IMG_1346-1024x598.jpg 1024w, https:\/\/asvpnf.com\/wp-content\/uploads\/2026\/04\/IMG_1346-768x448.jpg 768w, https:\/\/asvpnf.com\/wp-content\/uploads\/2026\/04\/IMG_1346-1536x897.jpg 1536w, https:\/\/asvpnf.com\/wp-content\/uploads\/2026\/04\/IMG_1346-2048x1195.jpg 2048w, https:\/\/asvpnf.com\/wp-content\/uploads\/2026\/04\/IMG_1346-250x146.jpg 250w, https:\/\/asvpnf.com\/wp-content\/uploads\/2026\/04\/IMG_1346-550x321.jpg 550w, https:\/\/asvpnf.com\/wp-content\/uploads\/2026\/04\/IMG_1346-800x467.jpg 800w, https:\/\/asvpnf.com\/wp-content\/uploads\/2026\/04\/IMG_1346-308x180.jpg 308w, https:\/\/asvpnf.com\/wp-content\/uploads\/2026\/04\/IMG_1346-514x300.jpg 514w, https:\/\/asvpnf.com\/wp-content\/uploads\/2026\/04\/IMG_1346-857x500.jpg 857w, https:\/\/asvpnf.com\/wp-content\/uploads\/2026\/04\/IMG_1346-1320x771.jpg 1320w\" sizes=\"(max-width: 638px) 100vw, 638px\" \/> .<\/strong> <\/span><\/p>\n<p><span style=\"font-family: arial, helvetica, sans-serif;font-size: 14pt\">Yves Cotty-\u00e0 droite en costume- \u00e0 la kermesse de l\u2019Amicale la\u00efque de Mo\u00eblan-sur-Mer.(Coll. pers.\u00a0; <em>Andr\u00e9 Le Goff<\/em><em>)<\/em><\/span><\/p>\n<p><span style=\"font-family: arial, helvetica, sans-serif;font-size: 14pt\"><strong><em>\u00a0<\/em><\/strong><\/span><\/p>\n<p><span style=\"font-family: arial, helvetica, sans-serif;font-size: 14pt\"><strong><em>\u00ab Pour les services rendus il fut gratifi\u00e9, chemin faisant, de la M\u00e9daille de bronze de la Jeunesse et des Sports. \u00bb<\/em><\/strong><\/span><\/p>\n<p><span style=\"font-family: arial, helvetica, sans-serif;font-size: 14pt\">Le visiteurs de ce site pourront consulter, en cliquant\u00a0<span style=\"font-size: 18pt\"><strong><a href=\"http:\/\/asvpnf.com\/wp-content\/uploads\/2026\/04\/En-hommage-a-Yves-COTTY-par-T.R.-et-PPty.pdf\" target=\"_blank\" rel=\"noopener\">sur un fichier 2<\/a><\/strong><\/span> , l\u2019hommage que lui rend\u00a0 l\u2019ASVPNF\u00a0 dans un texte de <em>T.R. et PPty<\/em>. Il s\u2019intitule\u00a0:<\/span><\/p>\n<p><span style=\"font-family: arial, helvetica, sans-serif;font-size: 14pt\"><strong><em>Yves Cotty, normalien quimp\u00e9rois, r\u00e9sistant et d\u00e9port\u00e9<\/em><\/strong><\/span><\/p>\n<p>&nbsp;<\/p>\n<p><span style=\"font-family: arial, helvetica, sans-serif;font-size: 14pt\"><strong>Marcel Paul<\/strong> , compagnon de d\u00e9tresse de <strong><em>Yves Cotty<\/em><\/strong> et de <strong>Robert Desnos<\/strong>, \u00e9crivait :\u00ab\u00a0 La lutte \u00e9tait\u00a0 souvent dure, cruelle m\u00eame. L\u2019on a connu des moments tragiques mais ce combat pour un monde nouveau de Paix , de progr\u00e8s\u00a0 social \u00e9tait exaltant \u00bb. Tous les\u00a0 trois\u00a0 \u00a0avaient des c\u0153urs qui ha\u00efssaient la guerre qui se mirent \u00e0 battre pour sauver la libert\u00e9,celle qui est la n\u00f4tre . Nous leur savons gr\u00e9 !<\/span><\/p>\n<p><span style=\"font-family: arial, helvetica, sans-serif;font-size: 14pt\">\u00a0 Que <em>Jean Yves Cotty<\/em> soit cordialement remerci\u00e9 d\u2019avoir confi\u00e9 le fichier 1 \u00e0 l\u2019ASVPNF et d\u2019en avoir permis la repr\u00e9sentation sur ce site. <em>Andr\u00e9 Le Goff<\/em>, fid\u00e8le contributeur,\u00a0 nous \u00a0a fait parvenir une photo de sa collection personnelle o\u00f9 l\u2019on reconna\u00eet Yves Cotty accompagn\u00e9 d\u2019 amicalistes la\u00efques mo\u00eblanais.\u00a0 Nous l\u2019en remercions vivement.<\/span><\/p>\n<p>&nbsp;<\/p>\n<p>&nbsp;<\/p>\n","protected":false},"excerpt":{"rendered":"<p>\u00a0 \u00a0 \u00a0 \u00a0 \u00a0 \u00a0 \u00a0 \u00a0 \u00a0 \u00a0 \u00a0 \u00a0 \u00a0 \u00a0 \u00a0 \u00a0 \u00a0 \u00a0 \u00a0 \u00a0 \u00a0 \u00a0 \u00a0 \u00a0 \u00a0 \u00a0 \u00a0 \u00a0 \u00a0 \u00a0 \u00a0 \u00a0 \u00a0(1919-1980) \u00a0 Un de nos coll\u00e8gues , Jean-Yves <a class=\"more-link\" href=\"https:\/\/asvpnf.com\/index.php\/2026\/04\/27\/en-hommage-a-yves-cotty\/\">En lire plus &#8230;<\/a><\/p>\n","protected":false},"author":9,"featured_media":0,"comment_status":"closed","ping_status":"closed","sticky":false,"template":"","format":"standard","meta":{"spay_email":""},"categories":[1,10],"tags":[45],"jetpack_featured_media_url":"","_links":{"self":[{"href":"https:\/\/asvpnf.com\/index.php\/wp-json\/wp\/v2\/posts\/8237"}],"collection":[{"href":"https:\/\/asvpnf.com\/index.php\/wp-json\/wp\/v2\/posts"}],"about":[{"href":"https:\/\/asvpnf.com\/index.php\/wp-json\/wp\/v2\/types\/post"}],"author":[{"embeddable":true,"href":"https:\/\/asvpnf.com\/index.php\/wp-json\/wp\/v2\/users\/9"}],"replies":[{"embeddable":true,"href":"https:\/\/asvpnf.com\/index.php\/wp-json\/wp\/v2\/comments?post=8237"}],"version-history":[{"count":8,"href":"https:\/\/asvpnf.com\/index.php\/wp-json\/wp\/v2\/posts\/8237\/revisions"}],"predecessor-version":[{"id":8252,"href":"https:\/\/asvpnf.com\/index.php\/wp-json\/wp\/v2\/posts\/8237\/revisions\/8252"}],"wp:attachment":[{"href":"https:\/\/asvpnf.com\/index.php\/wp-json\/wp\/v2\/media?parent=8237"}],"wp:term":[{"taxonomy":"category","embeddable":true,"href":"https:\/\/asvpnf.com\/index.php\/wp-json\/wp\/v2\/categories?post=8237"},{"taxonomy":"post_tag","embeddable":true,"href":"https:\/\/asvpnf.com\/index.php\/wp-json\/wp\/v2\/tags?post=8237"}],"curies":[{"name":"wp","href":"https:\/\/api.w.org\/{rel}","templated":true}]}}