{"id":8253,"date":"2026-05-01T09:16:36","date_gmt":"2026-05-01T08:16:36","guid":{"rendered":"https:\/\/asvpnf.com\/?p=8253"},"modified":"2026-05-01T09:16:36","modified_gmt":"2026-05-01T08:16:36","slug":"premier-mai-2026-jour-ferie-chome-et-paye","status":"publish","type":"post","link":"https:\/\/asvpnf.com\/index.php\/2026\/05\/01\/premier-mai-2026-jour-ferie-chome-et-paye\/","title":{"rendered":"Premier Mai 2026 Jour f\u00e9ri\u00e9, ch\u00f4m\u00e9 et pay\u00e9"},"content":{"rendered":"<div><span style=\"font-family: arial, helvetica, sans-serif;font-size: 14pt\"><b><i><span lang=\"EN-US\">Le 1er mai : une historicit\u00e9 de la lutte sociale<\/span><\/i><\/b><\/span><\/div>\n<div><span style=\"font-family: arial, helvetica, sans-serif;font-size: 14pt\"><b><i><span lang=\"EN-US\">\u00a0<\/span><\/i><\/b><\/span><\/div>\n<div>\n<div>\n<div><span style=\"font-family: arial, helvetica, sans-serif;font-size: 14pt\"><b><span lang=\"EN-US\">L<\/span><\/b><span lang=\"EN-US\">e<b> <\/b>1er mai n\u2019est pas une date parmi d\u2019autres dans le calendrier r\u00e9publicain : il est l\u2019h\u00e9ritage vivant des luttes ouvri\u00e8res, le symbole d\u2019un rapport de force historique qui a permis d\u2019arracher des droits essentiels face aux logiques d\u2019exploitation. <\/span>Le r\u00e9duire \u00e0 un simple jour ch\u00f4m\u00e9 ou \u00e0 une parenth\u00e8se printani\u00e8re serait en trahir le sens profond.Tout commence dans la violence sociale de la fin du XIXe si\u00e8cle industriel\u2026\u00a0<\/span><\/div>\n<div><span style=\"font-family: arial, helvetica, sans-serif;font-size: 14pt\">Les visiteurs qui souhaitent en savoir plus , au moment o\u00f9 d\u2019aucuns tentent sans r\u00e9serve de\u00a0 porter atteinte aux acquis et aux droits des travailleurs, pourront consulter- en <b><a href=\"http:\/\/asvpnf.com\/wp-content\/uploads\/2026\/05\/FICHIER11.pdf\" target=\"_blank\" rel=\"noopener\"><span style=\"font-size: 18pt\">cliquant ici<\/span> <\/a>&#8211;<\/b>un \u00a0texte\u00a0 que \u00a0l\u2019<i>ASVPNF \u00a0<\/i>consid\u00e8re comme fondateur \u00e0 cet \u00e9gard.<\/span><\/div>\n<\/div>\n<\/div>\n","protected":false},"excerpt":{"rendered":"<p>Le 1er mai : une historicit\u00e9 de la lutte sociale \u00a0 Le 1er mai n\u2019est pas une date parmi d\u2019autres dans le calendrier r\u00e9publicain : il est l\u2019h\u00e9ritage vivant des luttes ouvri\u00e8res, le symbole d\u2019un rapport de force historique qui <a class=\"more-link\" href=\"https:\/\/asvpnf.com\/index.php\/2026\/05\/01\/premier-mai-2026-jour-ferie-chome-et-paye\/\">En lire plus &#8230;<\/a><\/p>\n","protected":false},"author":9,"featured_media":0,"comment_status":"closed","ping_status":"closed","sticky":false,"template":"","format":"standard","meta":{"spay_email":""},"categories":[10],"tags":[47],"jetpack_featured_media_url":"","_links":{"self":[{"href":"https:\/\/asvpnf.com\/index.php\/wp-json\/wp\/v2\/posts\/8253"}],"collection":[{"href":"https:\/\/asvpnf.com\/index.php\/wp-json\/wp\/v2\/posts"}],"about":[{"href":"https:\/\/asvpnf.com\/index.php\/wp-json\/wp\/v2\/types\/post"}],"author":[{"embeddable":true,"href":"https:\/\/asvpnf.com\/index.php\/wp-json\/wp\/v2\/users\/9"}],"replies":[{"embeddable":true,"href":"https:\/\/asvpnf.com\/index.php\/wp-json\/wp\/v2\/comments?post=8253"}],"version-history":[{"count":1,"href":"https:\/\/asvpnf.com\/index.php\/wp-json\/wp\/v2\/posts\/8253\/revisions"}],"predecessor-version":[{"id":8255,"href":"https:\/\/asvpnf.com\/index.php\/wp-json\/wp\/v2\/posts\/8253\/revisions\/8255"}],"wp:attachment":[{"href":"https:\/\/asvpnf.com\/index.php\/wp-json\/wp\/v2\/media?parent=8253"}],"wp:term":[{"taxonomy":"category","embeddable":true,"href":"https:\/\/asvpnf.com\/index.php\/wp-json\/wp\/v2\/categories?post=8253"},{"taxonomy":"post_tag","embeddable":true,"href":"https:\/\/asvpnf.com\/index.php\/wp-json\/wp\/v2\/tags?post=8253"}],"curies":[{"name":"wp","href":"https:\/\/api.w.org\/{rel}","templated":true}]}}