{"id":8451,"date":"2026-09-03T15:52:43","date_gmt":"2026-09-03T14:52:43","guid":{"rendered":"https:\/\/asvpnf.com\/?p=8451"},"modified":"2026-09-03T18:46:04","modified_gmt":"2026-09-03T17:46:04","slug":"lecole-de-lestonan-dans-la-guerre-scolaire","status":"publish","type":"post","link":"https:\/\/asvpnf.com\/index.php\/2026\/09\/03\/lecole-de-lestonan-dans-la-guerre-scolaire\/","title":{"rendered":"L\u2019Ecole de LESTONAN dans la  Guerre scolaire."},"content":{"rendered":"<p class=\"x_ydpbdac0b68yiv7124153477ydp3b1925a5yiv8958315226ydpf6abbb0eyiv2474764653ydp721eaddeyiv8414341393ydp87834663yiv1550540062ydpfee34a99yiv7533103650ydpcbd44063yiv0032195976ydpfeff7c4byiv7519839437ydp6e6ae036yiv5400657886ydpaeafdc33yiv6654070134ydp56e29151yiv7202018825ydp5d87dd9fMsoNormal\" align=\"center\"><span style=\"font-family: arial, helvetica, sans-serif;font-size: 14pt\">(Ergu\u00e9-Gab\u00e9ric , F-29500)<b> <\/b><\/span><\/p>\n<p class=\"x_ydpbdac0b68yiv7124153477ydp3b1925a5yiv8958315226ydpf6abbb0eyiv2474764653ydp721eaddeyiv8414341393ydp87834663yiv1550540062ydpfee34a99yiv7533103650ydpcbd44063yiv0032195976ydpfeff7c4byiv7519839437ydp6e6ae036yiv5400657886ydpaeafdc33yiv6654070134ydp56e29151yiv7202018825ydp5d87dd9fMsoNormal\" align=\"center\"><span style=\"font-family: arial, helvetica, sans-serif;font-size: 14pt\"><b>dans la <\/b><\/span><\/p>\n<p class=\"x_ydpbdac0b68yiv7124153477ydp3b1925a5yiv8958315226ydpf6abbb0eyiv2474764653ydp721eaddeyiv8414341393ydp87834663yiv1550540062ydpfee34a99yiv7533103650ydpcbd44063yiv0032195976ydpfeff7c4byiv7519839437ydp6e6ae036yiv5400657886ydpaeafdc33yiv6654070134ydp56e29151yiv7202018825ydp5d87dd9fMsoNormal\" align=\"center\"><span style=\"font-family: arial, helvetica, sans-serif;font-size: 14pt\"><b>Guerre scolaire.<\/b><\/span><\/p>\n<p class=\"x_ydpbdac0b68yiv7124153477ydp3b1925a5yiv8958315226ydpf6abbb0eyiv2474764653ydp721eaddeyiv8414341393ydp87834663yiv1550540062ydpfee34a99yiv7533103650ydpcbd44063yiv0032195976ydpfeff7c4byiv7519839437ydp6e6ae036yiv5400657886ydpaeafdc33yiv6654070134ydp56e29151yiv7202018825ydp5d87dd9fMsoNormal\"><span style=\"font-family: arial, helvetica, sans-serif;font-size: 14pt\">Entre 1927 et 1929, LESTONAN appara\u00eet comme un espace de confrontation entre deux mod\u00e8les scolaires et sociaux. D\u2019un c\u00f4t\u00e9, l\u2019\u00e9cole publique la\u00efque, li\u00e9e \u00e0 la commune et \u00e0 l\u2019administration r\u00e9publicaine ; de l\u2019autre, un r\u00e9seau scolaire confessionnel soutenu par la puissance \u00e9conomique et sociale de la Papeterie d\u2019Odet.<\/span><\/p>\n<p class=\"x_ydpbdac0b68yiv7124153477ydp3b1925a5yiv8958315226ydpf6abbb0eyiv2474764653ydp721eaddeyiv8414341393ydp87834663yiv1550540062ydpfee34a99yiv7533103650ydpcbd44063yiv0032195976ydpfeff7c4byiv7519839437ydp6e6ae036yiv5400657886ydpaeafdc33yiv6654070134ydp56e29151yiv7202018825ydp5d87dd9fMsoNormal\"><span style=\"font-family: arial, helvetica, sans-serif;font-size: 14pt\">Ren\u00e9 Bollor\u00e9 ne semble pas avoir cherch\u00e9 seulement \u00e0 construire des \u00e9coles. Son action participe d\u2019une organisation globale du monde ouvrier, dans laquelle l\u2019entreprise, le logement, l\u2019\u00e9ducation, les \u0153uvres sociales et la religion entretiennent des liens \u00e9troits. Cette organisation offre des services et des perspectives aux familles, mais elle peut aussi \u00eatre per\u00e7ue comme un instrument d\u2019influence et de contr\u00f4le.<\/span><\/p>\n<p class=\"x_ydpbdac0b68yiv7124153477ydp3b1925a5yiv8958315226ydpf6abbb0eyiv2474764653ydp721eaddeyiv8414341393ydp87834663yiv1550540062ydpfee34a99yiv7533103650ydpcbd44063yiv0032195976ydpfeff7c4byiv7519839437ydp6e6ae036yiv5400657886ydpaeafdc33yiv6654070134ydp56e29151yiv7202018825ydp5d87dd9fMsoNormal\"><span style=\"font-family: arial, helvetica, sans-serif;font-size: 14pt\"><i>Le cas de Lestonan peut ainsi \u00eatre retenu comme un exemple local de paternalisme industriel catholique dans la Bretagne de l\u2019entre-deux-guerres\u00a0.<\/i><\/span><\/p>\n<p class=\"x_ydpbdac0b68yiv7124153477ydp3b1925a5yiv8958315226ydpf6abbb0eyiv2474764653ydp721eaddeyiv8414341393ydp87834663yiv1550540062ydpfee34a99yiv7533103650ydpcbd44063yiv0032195976ydpfeff7c4byiv7519839437ydp6e6ae036yiv5400657886ydpaeafdc33yiv6654070134ydp56e29151yiv7202018825ydp5d87dd9fMsoNormal\"><span style=\"font-family: arial, helvetica, sans-serif;font-size: 14pt\">Maryse le Berre et Andr\u00e9 Le Goff , tous deux adh\u00e9rents de l\u2019ASVPNF, rapportent ici leurs t\u00e9moignages permettant de reconstituer des faits marquants de cette histoire embl\u00e9matique de \u00a0l\u2019entre-deux- guerres \u00a0en Finist\u00e8re et de les replacer dans le cadre plus large de la vie d\u2019une collectivit\u00e9 locale accueillant \u00a0depuis le\u00a0 19\u00e8 si\u00e8cle des activit\u00e9s manufacturi\u00e8res et industrielles. Celles qui en d\u00e9rivent se prolongent jusqu\u2019en 2026. Si\u00a0 elles sont- sans conteste- sources\u00a0 \u00a0de d\u00e9veloppement \u00e9conomique en basse-Cornouaille, elles sont associ\u00e9es \u00e0 des probl\u00e8mes environnementaux et sociaux qui ne \u00a0seront \u00e9voqu\u00e9s, \u00a0dans ce dossier, \u00a0que de fa\u00e7on incidente.<\/span><\/p>\n<p class=\"x_ydpbdac0b68yiv7124153477ydp3b1925a5yiv8958315226ydpf6abbb0eyiv2474764653ydp721eaddeyiv8414341393ydp87834663yiv1550540062ydpfee34a99yiv7533103650ydpcbd44063yiv0032195976ydpfeff7c4byiv7519839437ydp6e6ae036yiv5400657886ydpaeafdc33yiv6654070134ydp56e29151yiv7202018825ydp5d87dd9fMsoNormal\"><span style=\"font-family: arial, helvetica, sans-serif;font-size: 14pt\">Les visiteurs int\u00e9ress\u00e9s par\u00a0 la ou les symboliques de Lestonan pourront consulter\u00a0 quelques fichiers accessibles au moyen d\u2019un simple clic gauche\u00a0:<\/span><\/p>\n<p class=\"x_ydpbdac0b68yiv7124153477ydp3b1925a5yiv8958315226ydpf6abbb0eyiv2474764653ydp721eaddeyiv8414341393ydp87834663yiv1550540062ydpfee34a99yiv7533103650ydpcbd44063yiv0032195976ydpfeff7c4byiv7519839437ydp6e6ae036yiv5400657886ydpaeafdc33yiv6654070134ydp56e29151yiv7202018825ydp5d87dd9fMsoNormal\"><span style=\"font-family: arial, helvetica, sans-serif;font-size: 14pt\"><span style=\"font-size: 18pt\"><strong><a href=\"http:\/\/asvpnf.com\/wp-content\/uploads\/2026\/09\/FICHIER-1-B33.pdf\" target=\"_blank\" rel=\"noopener\">FICHIER 1<\/a><\/strong><\/span> .\u00a0 Le\u00a0\u00a0 r\u00e9sum\u00e9 \u00a0de cette parution intitul\u00e9e <b><i>\u00ab<\/i><\/b><b><i>L\u2019Ecole de Lestonan dans la guerre scolaire<\/i><\/b><b><i>\u00a0\u00bb <\/i><\/b>par<b><i>\u00a0 <\/i><\/b>Maryse Le Berre\u00a0 et Andr\u00e9 Le Goff.<\/span><\/p>\n<p class=\"x_ydpbdac0b68yiv7124153477ydp3b1925a5yiv8958315226ydpf6abbb0eyiv2474764653ydp721eaddeyiv8414341393ydp87834663yiv1550540062ydpfee34a99yiv7533103650ydpcbd44063yiv0032195976ydpfeff7c4byiv7519839437ydp6e6ae036yiv5400657886ydpaeafdc33yiv6654070134ydp56e29151yiv7202018825ydp5d87dd9fMsoNormal\"><span style=\"font-family: arial, helvetica, sans-serif;font-size: 14pt\"><b><span style=\"font-size: 18pt\"><a href=\"http:\/\/asvpnf.com\/wp-content\/uploads\/2026\/09\/Fichier-2-B-33.pdf\" target=\"_blank\" rel=\"noopener\">Fichier 2 <\/a><\/span>. <\/b>La repr\u00e9sentation des pi\u00e8ces d\u2019archives valoris\u00e9es dans ce dossier.<\/span><\/p>\n<p class=\"x_ydpbdac0b68yiv7124153477ydp3b1925a5yiv8958315226ydpf6abbb0eyiv2474764653ydp721eaddeyiv8414341393ydp87834663yiv1550540062ydpfee34a99yiv7533103650ydpcbd44063yiv0032195976ydpfeff7c4byiv7519839437ydp6e6ae036yiv5400657886ydpaeafdc33yiv6654070134ydp56e29151yiv7202018825ydp5d87dd9fMsoNormal\"><span style=\"font-family: arial, helvetica, sans-serif;font-size: 14pt\"><b><span style=\"font-size: 18pt\"><a href=\"http:\/\/asvpnf.com\/wp-content\/uploads\/2026\/09\/Fichier-3-B-33.pdf\" target=\"_blank\" rel=\"noopener\">Fichier 3 <\/a><\/span>. <\/b>La transcription int\u00e9grale\u00a0 de ces documents .<\/span><\/p>\n<p class=\"x_ydpbdac0b68yiv7124153477ydp3b1925a5yiv8958315226ydpf6abbb0eyiv2474764653ydp721eaddeyiv8414341393ydp87834663yiv1550540062ydpfee34a99yiv7533103650ydpcbd44063yiv0032195976ydpfeff7c4byiv7519839437ydp6e6ae036yiv5400657886ydpaeafdc33yiv6654070134ydp56e29151yiv7202018825ydp5d87dd9fMsoNormal\"><span style=\"font-family: arial, helvetica, sans-serif;font-size: 14pt\"><span style=\"font-size: 18pt\"><strong><a href=\"http:\/\/asvpnf.com\/wp-content\/uploads\/2026\/09\/Fichier-4-B-33-Lecolevde-Lestonan-dans-la-guerre-scolaire.pdf\" target=\"_blank\" rel=\"noopener\">Fichier 4 <\/a><\/strong><\/span>. L\u2019\u00e9cole de Lestonan dans la guerre scolaire par T.R. et PPty. ( voir avec abstract et \u00a0diverraden)<\/span><\/p>\n<p class=\"x_ydpbdac0b68yiv7124153477ydp3b1925a5yiv8958315226ydpf6abbb0eyiv2474764653ydp721eaddeyiv8414341393ydp87834663yiv1550540062ydpfee34a99yiv7533103650ydpcbd44063yiv0032195976ydpfeff7c4byiv7519839437ydp6e6ae036yiv5400657886ydpaeafdc33yiv6654070134ydp56e29151yiv7202018825ydp5d87dd9fMsoNormal\"><span style=\"font-family: arial, helvetica, sans-serif;font-size: 14pt\"><b><span style=\"font-size: 18pt\"><a href=\"http:\/\/asvpnf.com\/wp-content\/uploads\/2026\/09\/Fichierv-5-B-33-Histoire-de-LESTONAN.pdf\" target=\"_blank\" rel=\"noopener\">Fichier 5 <\/a><\/span>. <\/b>L\u2019histoire de Lestonan, \u00e9l\u00e9ments singuliers (pour en savoir plus).<\/span><\/p>\n<p class=\"x_ydpbdac0b68yiv7124153477ydp3b1925a5yiv8958315226ydpf6abbb0eyiv2474764653ydp721eaddeyiv8414341393ydp87834663yiv1550540062ydpfee34a99yiv7533103650ydpcbd44063yiv0032195976ydpfeff7c4byiv7519839437ydp6e6ae036yiv5400657886ydpaeafdc33yiv6654070134ydp56e29151yiv7202018825ydp5d87dd9fMsoNormal\"><span style=\"font-family: arial, helvetica, sans-serif;font-size: 14pt\"><span style=\"font-size: 18pt\"><strong><a href=\"http:\/\/asvpnf.com\/wp-content\/uploads\/2026\/09\/Fichier-6-B-33-Dossier-LESTONAN-Annexe.pdf\" target=\"_blank\" rel=\"noopener\">Fichier 6 <\/a><\/strong><\/span>. En\u00a0 annexe\u00a0; documents de r\u00e9f\u00e9rence et rep\u00e8res historiques.<\/span><\/p>\n<p class=\"x_ydpbdac0b68yiv7124153477ydp3b1925a5yiv8958315226ydpf6abbb0eyiv2474764653ydp721eaddeyiv8414341393ydp87834663yiv1550540062ydpfee34a99yiv7533103650ydpcbd44063yiv0032195976ydpfeff7c4byiv7519839437ydp6e6ae036yiv5400657886ydpaeafdc33yiv6654070134ydp56e29151yiv7202018825ydp5d87dd9fMsoNormal\"><span style=\"font-family: arial, helvetica, sans-serif;font-size: 14pt\"><span style=\"font-size: 18pt\"><strong><a href=\"http:\/\/asvpnf.com\/wp-content\/uploads\/2026\/09\/Fichier-7-B-33.pdf\" target=\"_blank\" rel=\"noopener\">Fichier 7<\/a><\/strong><\/span>.La\u00a0 photographie de l\u2019Ecole communale de Lestonan.<\/span><\/p>\n<p class=\"x_ydpbdac0b68yiv7124153477ydp3b1925a5yiv8958315226ydpf6abbb0eyiv2474764653ydp721eaddeyiv8414341393ydp87834663yiv1550540062ydpfee34a99yiv7533103650ydpcbd44063yiv0032195976ydpfeff7c4byiv7519839437ydp6e6ae036yiv5400657886ydpaeafdc33yiv6654070134ydp56e29151yiv7202018825ydp5d87dd9fMsoNormal\"><span style=\"font-family: arial, helvetica, sans-serif;font-size: 14pt\">\u00a0<b><i>Avertissement\u00a0:\u00a0\u00a0\u00a0\u00a0\u00a0\u00a0\u00a0 <\/i><\/b><\/span><\/p>\n<p class=\"x_ydpbdac0b68yiv7124153477ydp3b1925a5yiv8958315226ydpf6abbb0eyiv2474764653ydp721eaddeyiv8414341393ydp87834663yiv1550540062ydpfee34a99yiv7533103650ydpcbd44063yiv0032195976ydpfeff7c4byiv7519839437ydp6e6ae036yiv5400657886ydpaeafdc33yiv6654070134ydp56e29151yiv7202018825ydp5d87dd9fMsoNormal\"><span style=\"font-family: arial, helvetica, sans-serif;font-size: 14pt\">Ce dossier permet de faire le lien <i>avec\u00a0Cascadec <\/i>,autre site\u00a0 de l\u2019industrie papeti\u00e8re finist\u00e9rienne que l\u2019 Association avait mis en lumi\u00e8re lors de la c\u00e9l\u00e9bration du 90<span lang=\"EN-US\">\u1d49<\/span> anniversaire du Front populaire( Cf.\u00a0 <b><i>https:\/\/asvpnf.com\/index.php\/2026\/05\/20\/la-greve-des-papetiers-et-papetieres-de-cascadec\/\u00a0 <\/i><\/b>\u00a0\u00a0\u00a0). Ils renvoient \u00e0 un m\u00eame monde industriel, mais \u00e0 des moments et dans des contextes diff\u00e9rents : ici, le paternalisme scolaire et social de l\u2019entre-deux-guerres ; l\u00e0, les tensions sociales et politiques r\u00e9v\u00e9l\u00e9es par le Front populaire.<\/span><\/p>\n<p class=\"x_ydpbdac0b68yiv7124153477ydp3b1925a5yiv8958315226ydpf6abbb0eyiv2474764653ydp721eaddeyiv8414341393ydp87834663yiv1550540062ydpfee34a99yiv7533103650ydpcbd44063yiv0032195976ydpfeff7c4byiv7519839437ydp6e6ae036yiv5400657886ydpaeafdc33yiv6654070134ydp56e29151yiv7202018825ydp5d87dd9fMsoNormal\"><span style=\"font-family: arial, helvetica, sans-serif;font-size: 14pt\">Ren\u00e9 Bollor\u00e9<i>, cit\u00e9 dans les documents, est le dirigeant des Papeteries de l\u2019Odet. Il appartient \u00e0 l\u2019histoire industrielle qui conduira \u00e0 l\u2019ensemble OCB \u2014 Odet, Cascadec, Bollor\u00e9. Cette pr\u00e9cision permet de relier l\u2019\u00e9pisode scolaire de Lestonan \u00e0 une histoire plus large du patronat papetier finist\u00e9rien, dont les \u00e9tablissements d\u2019Odet et de Cascadec ont \u00e9galement constitu\u00e9 des lieux importants d\u2019organisation du monde du travail et de la vie sociale.<\/i><\/span><\/p>\n<p class=\"x_ydpbdac0b68yiv7124153477ydp3b1925a5yiv8958315226ydpf6abbb0eyiv2474764653ydp721eaddeyiv8414341393ydp87834663yiv1550540062ydpfee34a99yiv7533103650ydpcbd44063yiv0032195976ydpfeff7c4byiv7519839437ydp6e6ae036yiv5400657886ydpaeafdc33yiv6654070134ydp56e29151yiv7202018825ydp5d87dd9fMsoNormal\"><span style=\"font-family: arial, helvetica, sans-serif;font-size: 14pt\">Il convient \u00a0d\u2019\u00e9viter toute confusion chronologique : la r\u00e9f\u00e9rence \u00e0\u00a0OCB\u00a0peut servir de rep\u00e8re historique pour le lecteur contemporain, mais les documents de 1929 doivent d\u2019abord \u00eatre pr\u00e9sent\u00e9s dans leur cadre propre, celui des\u00a0Papeteries d\u2019 Odet\u00a0 \u00e0 Lestonan et de l\u2019action de Ren\u00e9 Bollor\u00e9\u2026<\/span><\/p>\n","protected":false},"excerpt":{"rendered":"<p>(Ergu\u00e9-Gab\u00e9ric , F-29500) dans la Guerre scolaire. Entre 1927 et 1929, LESTONAN appara\u00eet comme un espace de confrontation entre deux mod\u00e8les scolaires et sociaux. D\u2019un c\u00f4t\u00e9, l\u2019\u00e9cole publique la\u00efque, li\u00e9e \u00e0 la commune et \u00e0 l\u2019administration r\u00e9publicaine ; de l\u2019autre, <a class=\"more-link\" href=\"https:\/\/asvpnf.com\/index.php\/2026\/09\/03\/lecole-de-lestonan-dans-la-guerre-scolaire\/\">En lire plus &#8230;<\/a><\/p>\n","protected":false},"author":9,"featured_media":0,"comment_status":"closed","ping_status":"closed","sticky":false,"template":"","format":"standard","meta":{"spay_email":""},"categories":[10],"tags":[47],"jetpack_featured_media_url":"","_links":{"self":[{"href":"https:\/\/asvpnf.com\/index.php\/wp-json\/wp\/v2\/posts\/8451"}],"collection":[{"href":"https:\/\/asvpnf.com\/index.php\/wp-json\/wp\/v2\/posts"}],"about":[{"href":"https:\/\/asvpnf.com\/index.php\/wp-json\/wp\/v2\/types\/post"}],"author":[{"embeddable":true,"href":"https:\/\/asvpnf.com\/index.php\/wp-json\/wp\/v2\/users\/9"}],"replies":[{"embeddable":true,"href":"https:\/\/asvpnf.com\/index.php\/wp-json\/wp\/v2\/comments?post=8451"}],"version-history":[{"count":3,"href":"https:\/\/asvpnf.com\/index.php\/wp-json\/wp\/v2\/posts\/8451\/revisions"}],"predecessor-version":[{"id":8461,"href":"https:\/\/asvpnf.com\/index.php\/wp-json\/wp\/v2\/posts\/8451\/revisions\/8461"}],"wp:attachment":[{"href":"https:\/\/asvpnf.com\/index.php\/wp-json\/wp\/v2\/media?parent=8451"}],"wp:term":[{"taxonomy":"category","embeddable":true,"href":"https:\/\/asvpnf.com\/index.php\/wp-json\/wp\/v2\/categories?post=8451"},{"taxonomy":"post_tag","embeddable":true,"href":"https:\/\/asvpnf.com\/index.php\/wp-json\/wp\/v2\/tags?post=8451"}],"curies":[{"name":"wp","href":"https:\/\/api.w.org\/{rel}","templated":true}]}}