{"id":8462,"date":"2026-09-03T18:52:19","date_gmt":"2026-09-03T17:52:19","guid":{"rendered":"https:\/\/asvpnf.com\/?p=8462"},"modified":"2026-09-03T18:52:19","modified_gmt":"2026-09-03T17:52:19","slug":"langue-paysanne-republique-et-ame-bretonne","status":"publish","type":"post","link":"https:\/\/asvpnf.com\/index.php\/2026\/09\/03\/langue-paysanne-republique-et-ame-bretonne\/","title":{"rendered":"Langue paysanne, R\u00e9publique et \u00e2me bretonne"},"content":{"rendered":"<p class=\"x_ydp6c71ad58yiv9625992230ydp387a4b34yiv6599278841ydp217e50ayiv0599183699ydp491da035yiv4131161827ydpa44bb1c2yiv6878096309ydpf42eb199MsoNormal\"><span style=\"font-family: arial, helvetica, sans-serif;font-size: 14pt\" data-olk-copy-source=\"MessageBody\">Publi\u00e9 dans la rubrique <i>\u00ab\u00a0Vari\u00e9t\u00e9<\/i>\u00a0\u00bb du journal <i>Le Finist\u00e8re<\/i> du 21 janvier 1888, ce dialogue en breton entre deux paysans de Cornouaille, Fanch et Jakez, prend pour cadre la foire de Ch\u00e2teaulin et pour point de d\u00e9part une simple conversation de rencontre. Sous des dehors familiers \u2014 on parle de soif, de cidre, des nouvelles du pays et des propos entendus chez le recteur \u2014 le texte d\u00e9ploie une v\u00e9ritable petite sc\u00e8ne politique. L\u2019humour populaire, les formules imag\u00e9es et le ton de la joute verbale servent ici une d\u00e9monstration r\u00e9publicaine tr\u00e8s nette, dirig\u00e9e contre le clerg\u00e9 local et contre les milieux conservateurs.<\/span><\/p>\n<p class=\"x_ydp6c71ad58yiv9625992230ydp387a4b34yiv6599278841ydp217e50ayiv0599183699ydp491da035yiv4131161827ydpa44bb1c2yiv6878096309ydpf42eb199MsoNormal\"><span style=\"font-family: arial, helvetica, sans-serif;font-size: 14pt\">Ce document est particuli\u00e8rement int\u00e9ressant \u00e0 plusieurs titres. Il montre d\u2019abord comment la presse r\u00e9publicaine de la fin du XIXe si\u00e8cle pouvait utiliser le breton comme langue d\u2019expression et de persuasion, non pas seulement comme curiosit\u00e9 r\u00e9gionale, mais comme vecteur d\u2019opinion. Il donne ensuite un aper\u00e7u pr\u00e9cieux de la mani\u00e8re dont la R\u00e9publique cherchait \u00e0 s\u2019adresser aux campagnes bretonnes, dans un contexte de fortes tensions entre influence religieuse, loyaut\u00e9s politiques traditionnelles et mont\u00e9e de l\u2019\u00e9cole et des id\u00e9es r\u00e9publicaines. Le texte laisse ainsi entendre une parole paysanne \u00e0 la fois construite, malicieuse et efficace, o\u00f9 la politique se dit dans la langue du quotidien.<\/span><\/p>\n<p class=\"x_ydp6c71ad58yiv9625992230ydp387a4b34yiv6599278841ydp217e50ayiv0599183699ydp491da035yiv4131161827ydpa44bb1c2yiv6878096309ydpf42eb199MsoNormal\"><span style=\"font-family: arial, helvetica, sans-serif;font-size: 14pt\">Au-del\u00e0 de sa port\u00e9e pol\u00e9mique, cette pi\u00e8ce br\u00e8ve vaut aussi comme t\u00e9moignage de sociabilit\u00e9 rurale : la foire, le verre partag\u00e9, le proverbe et la repartie y composent un tableau vivant de la Cornouaille de la fin du XIXe si\u00e8cle. C\u2019est ce m\u00e9lange de couleur locale, d\u2019ironie et d\u2019engagement qui fait tout l\u2019int\u00e9r\u00eat de ce petit texte, \u00e0 la fois document historique, fragment de culture bretonne \u00e9crite et indice des transformations politiques du monde rural.<\/span><\/p>\n<p class=\"x_ydp6c71ad58yiv9625992230ydp387a4b34yiv6599278841ydp217e50ayiv0599183699ydp491da035yiv4131161827ydpa44bb1c2yiv6878096309ydpf42eb199MsoNormal\"><span style=\"font-family: arial, helvetica, sans-serif;font-size: 14pt\">Les visiteurs de ce site pourront consulter \u00e0 ce propos trois fichiers\u00a0 accessibles d\u2019un seul clic gauche\u00a0:<\/span><\/p>\n<p class=\"x_ydp6c71ad58yiv9625992230ydp387a4b34yiv6599278841ydp217e50ayiv0599183699ydp491da035yiv4131161827ydpa44bb1c2yiv6878096309ydpf42eb199MsoNormal\"><span style=\"font-family: arial, helvetica, sans-serif;font-size: 14pt\"><span style=\"font-size: 18pt\"><strong><a href=\"http:\/\/asvpnf.com\/wp-content\/uploads\/2026\/09\/Brezhoneg-ha-Republik-e-Bro-Gernedef.pdf\" target=\"_blank\" rel=\"noopener\">Fichier 1<\/a><\/strong><\/span>. \u00a0\u00a0\u00a0Brezhoneg ha republik e bro guernev<\/span><\/p>\n<p class=\"x_ydp6c71ad58yiv9625992230ydp387a4b34yiv6599278841ydp217e50ayiv0599183699ydp491da035yiv4131161827ydpa44bb1c2yiv6878096309ydpf42eb199MsoNormal\"><span style=\"font-family: arial, helvetica, sans-serif;font-size: 14pt\"><span style=\"font-size: 18pt\"><strong><a href=\"http:\/\/asvpnf.com\/wp-content\/uploads\/2026\/09\/Fichier-2-B32-Version-trilingue-en-regard.pdf\" target=\"_blank\" rel=\"noopener\">Fichier 2 <\/a><\/strong><\/span>. Version \u00ab\u00a0trilingue\u00a0\u00bb\u00a0;Breton de 1888, Breton contemporain et \u00a0Fran\u00e7ais en regard.<\/span><\/p>\n<p class=\"x_ydp6c71ad58yiv9625992230ydp387a4b34yiv6599278841ydp217e50ayiv0599183699ydp491da035yiv4131161827ydpa44bb1c2yiv6878096309ydpf42eb199MsoNormal\"><span style=\"font-family: arial, helvetica, sans-serif;font-size: 14pt\"><b><a href=\"http:\/\/asvpnf.com\/wp-content\/uploads\/2026\/09\/Fichier-2-B32.pdf\" target=\"_blank\" rel=\"noopener\"><span style=\"font-size: 18pt\">Fichier 3<\/span><\/a>. <\/b>Langue paysanne, R\u00e9publique et \u00e2me bretonne<\/span><\/p>\n","protected":false},"excerpt":{"rendered":"<p>Publi\u00e9 dans la rubrique \u00ab\u00a0Vari\u00e9t\u00e9\u00a0\u00bb du journal Le Finist\u00e8re du 21 janvier 1888, ce dialogue en breton entre deux paysans de Cornouaille, Fanch et Jakez, prend pour cadre la foire de Ch\u00e2teaulin et pour point de d\u00e9part une simple conversation <a class=\"more-link\" href=\"https:\/\/asvpnf.com\/index.php\/2026\/09\/03\/langue-paysanne-republique-et-ame-bretonne\/\">En lire plus &#8230;<\/a><\/p>\n","protected":false},"author":9,"featured_media":0,"comment_status":"closed","ping_status":"closed","sticky":false,"template":"","format":"standard","meta":{"spay_email":""},"categories":[10],"tags":[47],"jetpack_featured_media_url":"","_links":{"self":[{"href":"https:\/\/asvpnf.com\/index.php\/wp-json\/wp\/v2\/posts\/8462"}],"collection":[{"href":"https:\/\/asvpnf.com\/index.php\/wp-json\/wp\/v2\/posts"}],"about":[{"href":"https:\/\/asvpnf.com\/index.php\/wp-json\/wp\/v2\/types\/post"}],"author":[{"embeddable":true,"href":"https:\/\/asvpnf.com\/index.php\/wp-json\/wp\/v2\/users\/9"}],"replies":[{"embeddable":true,"href":"https:\/\/asvpnf.com\/index.php\/wp-json\/wp\/v2\/comments?post=8462"}],"version-history":[{"count":1,"href":"https:\/\/asvpnf.com\/index.php\/wp-json\/wp\/v2\/posts\/8462\/revisions"}],"predecessor-version":[{"id":8466,"href":"https:\/\/asvpnf.com\/index.php\/wp-json\/wp\/v2\/posts\/8462\/revisions\/8466"}],"wp:attachment":[{"href":"https:\/\/asvpnf.com\/index.php\/wp-json\/wp\/v2\/media?parent=8462"}],"wp:term":[{"taxonomy":"category","embeddable":true,"href":"https:\/\/asvpnf.com\/index.php\/wp-json\/wp\/v2\/categories?post=8462"},{"taxonomy":"post_tag","embeddable":true,"href":"https:\/\/asvpnf.com\/index.php\/wp-json\/wp\/v2\/tags?post=8462"}],"curies":[{"name":"wp","href":"https:\/\/api.w.org\/{rel}","templated":true}]}}